{"id":3433,"date":"2018-08-27T17:05:41","date_gmt":"2018-08-27T14:05:41","guid":{"rendered":"http:\/\/tkd.ee\/itf\/?p=3433"},"modified":"2020-11-23T02:19:23","modified_gmt":"2020-11-22T23:19:23","slug":"eesti-tudruk-voitis-taekwon-do-juunioride-mmil-kuldmedali","status":"publish","type":"post","link":"https:\/\/tkd.ee\/itf\/et\/2018\/08\/27\/eesti-tudruk-voitis-taekwon-do-juunioride-mmil-kuldmedali\/","title":{"rendered":"Eesti t\u00fcdruk v\u00f5itis taekwon-do juunioride MMil kuldmedali"},"content":{"rendered":"<!--themify_builder_content-->\n<div id=\"themify_builder_content-3433\" data-postid=\"3433\" class=\"themify_builder_content themify_builder_content-3433 themify_builder tf_clear\">\n                    <div  data-lazy=\"1\" class=\"module_row themify_builder_row tb_2sgp007 tb_first tf_w\">\n                        <div class=\"row_inner col_align_top tb_col_count_2 tf_box tf_rel\">\n                        <div  data-lazy=\"1\" class=\"module_column tb-column col4-2  tb_xs2e000 first\">\n                    <!-- module text -->\n<div  class=\"module module-text tb_6pg1600   \" data-lazy=\"1\">\n        <div  class=\"tb_text_wrap\">\n        <p>Esmasp\u00e4eval, 27. augustil saabus Eesti taekwon-do koondis esmakordselt koju maailmameistri tiitliga \u2013 Anni Ermel v\u00f5itis kulla XII taekwon-do ITF juuniorite MMil Minskis. <\/p>\n<p>Viie p\u00e4eva kestel, 22.-26. augustini, v\u00f5istlesid Minskis parimad taekwon-do juuniorid 56 riigist. Tallinna juunior Anni Ermel tuli taekwon-do maailmameistriks sparringus kehakaalus \u00fcle 65 kg.<\/p>\n<p>\u201eMeie jaoks on see m\u00e4rgiline v\u00f5it \u2013 esimest korda k\u00f5las Eesti h\u00fcmn taekwon-do maailmameistriv\u00f5istlustel. Varasemalt on meie koondis mitmel korral toonud koju kuldmedaleid Euroopa meistriv\u00f5istlustelt. Korduvalt oleme MMil olnud kuldmedalile v\u00e4ga l\u00e4hedal, saavutanud teise, ka kolmanda koha, kuid maailmameistri tiitlit pole meil varem olnud. Anni Ermeli v\u00f5it on meile v\u00e4ga t\u00e4htis,\u201c \u00fctles Eesti Taekwon-do liidu president Mihhail K\u00f5lvart.<\/p>\n<p>\u201eVaadates tagasi eelmisele hooajale oli see meie jaoks edukas ning n\u00fc\u00fcd on uus hooaeg v\u00e4ga eriliselt alanud,\u201c lisab K\u00f5lvart.<\/p>\n<p>Seekord esindasid Eesti koondist seitse sportlast treenerite Kazbulat \u0160ogenovi ja Robert Trofimovi juhendamisel. P\u00e4rnu sportlasel Kamilla Velikopoljel j\u00e4i puudu \u00fcks v\u00f5it, et j\u00f5uda poolfinaali ja t\u00f5usta pjedestaalile.<br \/>\nKoondise liikmed, kelle seas oli nii kogenud sportlasi kui ka deb\u00fctante, esindasid nelja klubi kolmest Eesti linnast: Katleri Taekwondo Klubi (Tallinn), Katleri Shogen Club (Maardu), P\u00e4rnu Taekwondo klubi ja Hvarang (Tallinn).<\/p>\n<p>Sportlaste nimekiri:<br \/>\nAnni Ermel (kahekordne Euroopa meister 2016-2017, h\u00f5bemedal kodusel EM-il 2018);<br \/>\nKamilla Velikopolje (Euroopa meister 2017);<br \/>\nDanila Subat\u0161jus (mitmekordne Euroopa auhinnasaaja, kolmas koht juunioride euro-reitingus);<br \/>\nAnette Russ (h\u00f5bemedal EM-il 2017);<br \/>\nErik Lavrov (kahekordne koduse EM-i pronksmedalist 2018);<br \/>\nDaaniel Hallop (Maailma Karika auhinnasaaja 2017);<br \/>\nVladislav T\u0161urin (Maailma Karika auhinnasaaja 2017).<\/p>\n<p>Lisainfo:<br \/>\nIlona Uzlova<br \/>\nTel. +372 58081044<\/p>\n    <\/div>\n<\/div>\n<!-- \/module text -->        <\/div>\n                    <div  data-lazy=\"1\" class=\"module_column tb-column col4-2  tb_8p38799 last\">\n                    <!-- module image -->\n<div  class=\"module module-image tb_cwur018 image-overlay    tf_mw\" data-lazy=\"1\">\n        <div class=\"image-wrap tf_rel tf_mw\">\n            <a href=\"https:\/\/tkd.ee\/itf\/wp-content\/uploads\/2018\/08\/40208547_1824606784243644_8166136605396959232_n-1.jpg\" class=\"lightbox-builder themify_lightbox\">\n                   <img loading=\"lazy\" decoding=\"async\" width=\"960\" height=\"640\" src=\"https:\/\/tkd.ee\/itf\/wp-content\/uploads\/2018\/08\/40208547_1824606784243644_8166136605396959232_n-1.jpg\" class=\"wp-post-image wp-image-3435\" title=\"40208547_1824606784243644_8166136605396959232_n\" alt=\"40208547_1824606784243644_8166136605396959232_n\" srcset=\"https:\/\/tkd.ee\/itf\/wp-content\/uploads\/2018\/08\/40208547_1824606784243644_8166136605396959232_n-1.jpg 960w, https:\/\/tkd.ee\/itf\/wp-content\/uploads\/2018\/08\/40208547_1824606784243644_8166136605396959232_n-1-300x200.jpg 300w, https:\/\/tkd.ee\/itf\/wp-content\/uploads\/2018\/08\/40208547_1824606784243644_8166136605396959232_n-1-768x512.jpg 768w\" sizes=\"(max-width: 960px) 100vw, 960px\" \/>        <\/a>\n    \n    \n                <\/div>\n        <!-- \/image-wrap -->\n    <\/div>\n<!-- \/module image -->        <\/div>\n                        <\/div>\n        <\/div>\n        <\/div>\n<!--\/themify_builder_content-->","protected":false},"excerpt":{"rendered":"<p>Esmasp\u00e4eval, 27. augustil saabus Eesti taekwon-do koondis esmakordselt koju maailmameistri tiitliga \u2013 Anni Ermel v\u00f5itis kulla XII taekwon-do ITF juuniorite MMil Minskis. Viie p\u00e4eva kestel, 22.-26. augustini, v\u00f5istlesid Minskis parimad taekwon-do juuniorid 56 riigist. Tallinna juunior Anni Ermel tuli taekwon-do<\/p>\n","protected":false},"author":3,"featured_media":3432,"comment_status":"closed","ping_status":"closed","sticky":false,"template":"","format":"standard","meta":{"footnotes":""},"categories":[39],"tags":[],"class_list":["post-3433","post","type-post","status-publish","format-standard","has-post-thumbnail","hentry","category-uudised"],"yoast_head":"<!-- This site is optimized with the Yoast SEO plugin v24.1 - https:\/\/yoast.com\/wordpress\/plugins\/seo\/ -->\n<title>Eesti t\u00fcdruk v\u00f5itis taekwon-do juunioride MMil kuldmedali - EESTI TAEKWONDO LIIT<\/title>\n<meta name=\"robots\" content=\"index, follow, max-snippet:-1, max-image-preview:large, max-video-preview:-1\" \/>\n<link rel=\"canonical\" href=\"https:\/\/tkd.ee\/itf\/et\/2018\/08\/27\/eesti-tudruk-voitis-taekwon-do-juunioride-mmil-kuldmedali\/\" \/>\n<meta property=\"og:locale\" content=\"et_EE\" \/>\n<meta property=\"og:type\" content=\"article\" \/>\n<meta property=\"og:title\" content=\"Eesti t\u00fcdruk v\u00f5itis taekwon-do juunioride MMil kuldmedali - EESTI TAEKWONDO LIIT\" \/>\n<meta property=\"og:description\" content=\"Esmasp\u00e4eval, 27. augustil saabus Eesti taekwon-do koondis esmakordselt koju maailmameistri tiitliga \u2013 Anni Ermel v\u00f5itis kulla XII taekwon-do ITF juuniorite MMil Minskis. Viie p\u00e4eva kestel, 22.-26. augustini, v\u00f5istlesid Minskis parimad taekwon-do juuniorid 56 riigist. Tallinna juunior Anni Ermel tuli taekwon-do\" \/>\n<meta property=\"og:url\" content=\"https:\/\/tkd.ee\/itf\/et\/2018\/08\/27\/eesti-tudruk-voitis-taekwon-do-juunioride-mmil-kuldmedali\/\" \/>\n<meta property=\"og:site_name\" content=\"EESTI TAEKWONDO LIIT\" \/>\n<meta property=\"article:published_time\" content=\"2018-08-27T14:05:41+00:00\" \/>\n<meta property=\"article:modified_time\" content=\"2020-11-22T23:19:23+00:00\" \/>\n<meta property=\"og:image\" content=\"https:\/\/tkd.ee\/itf\/wp-content\/uploads\/2018\/08\/40077641_1824606660910323_1690942651798388736_n.jpg\" \/>\n\t<meta property=\"og:image:width\" content=\"960\" \/>\n\t<meta property=\"og:image:height\" content=\"637\" \/>\n\t<meta property=\"og:image:type\" content=\"image\/jpeg\" \/>\n<meta name=\"author\" content=\"koganesjan\" \/>\n<meta name=\"twitter:card\" content=\"summary_large_image\" \/>\n<meta name=\"twitter:label1\" content=\"Written by\" \/>\n\t<meta name=\"twitter:data1\" content=\"koganesjan\" \/>\n\t<meta name=\"twitter:label2\" content=\"Est. reading time\" \/>\n\t<meta name=\"twitter:data2\" content=\"1 minut\" \/>\n<script type=\"application\/ld+json\" class=\"yoast-schema-graph\">{\"@context\":\"https:\/\/schema.org\",\"@graph\":[{\"@type\":\"Article\",\"@id\":\"https:\/\/tkd.ee\/itf\/et\/2018\/08\/27\/eesti-tudruk-voitis-taekwon-do-juunioride-mmil-kuldmedali\/#article\",\"isPartOf\":{\"@id\":\"https:\/\/tkd.ee\/itf\/et\/2018\/08\/27\/eesti-tudruk-voitis-taekwon-do-juunioride-mmil-kuldmedali\/\"},\"author\":{\"name\":\"koganesjan\",\"@id\":\"https:\/\/tkd.ee\/itf\/#\/schema\/person\/070cf74e28fa3eaa6e14199f94227157\"},\"headline\":\"Eesti t\u00fcdruk v\u00f5itis taekwon-do juunioride MMil kuldmedali\",\"datePublished\":\"2018-08-27T14:05:41+00:00\",\"dateModified\":\"2020-11-22T23:19:23+00:00\",\"mainEntityOfPage\":{\"@id\":\"https:\/\/tkd.ee\/itf\/et\/2018\/08\/27\/eesti-tudruk-voitis-taekwon-do-juunioride-mmil-kuldmedali\/\"},\"wordCount\":263,\"publisher\":{\"@id\":\"https:\/\/tkd.ee\/itf\/#organization\"},\"image\":{\"@id\":\"https:\/\/tkd.ee\/itf\/et\/2018\/08\/27\/eesti-tudruk-voitis-taekwon-do-juunioride-mmil-kuldmedali\/#primaryimage\"},\"thumbnailUrl\":\"https:\/\/tkd.ee\/itf\/wp-content\/uploads\/2018\/08\/40077641_1824606660910323_1690942651798388736_n.jpg\",\"articleSection\":[\"Uudised\"],\"inLanguage\":\"et\"},{\"@type\":\"WebPage\",\"@id\":\"https:\/\/tkd.ee\/itf\/et\/2018\/08\/27\/eesti-tudruk-voitis-taekwon-do-juunioride-mmil-kuldmedali\/\",\"url\":\"https:\/\/tkd.ee\/itf\/et\/2018\/08\/27\/eesti-tudruk-voitis-taekwon-do-juunioride-mmil-kuldmedali\/\",\"name\":\"Eesti t\u00fcdruk v\u00f5itis taekwon-do juunioride MMil kuldmedali - EESTI TAEKWONDO LIIT\",\"isPartOf\":{\"@id\":\"https:\/\/tkd.ee\/itf\/#website\"},\"primaryImageOfPage\":{\"@id\":\"https:\/\/tkd.ee\/itf\/et\/2018\/08\/27\/eesti-tudruk-voitis-taekwon-do-juunioride-mmil-kuldmedali\/#primaryimage\"},\"image\":{\"@id\":\"https:\/\/tkd.ee\/itf\/et\/2018\/08\/27\/eesti-tudruk-voitis-taekwon-do-juunioride-mmil-kuldmedali\/#primaryimage\"},\"thumbnailUrl\":\"https:\/\/tkd.ee\/itf\/wp-content\/uploads\/2018\/08\/40077641_1824606660910323_1690942651798388736_n.jpg\",\"datePublished\":\"2018-08-27T14:05:41+00:00\",\"dateModified\":\"2020-11-22T23:19:23+00:00\",\"breadcrumb\":{\"@id\":\"https:\/\/tkd.ee\/itf\/et\/2018\/08\/27\/eesti-tudruk-voitis-taekwon-do-juunioride-mmil-kuldmedali\/#breadcrumb\"},\"inLanguage\":\"et\",\"potentialAction\":[{\"@type\":\"ReadAction\",\"target\":[\"https:\/\/tkd.ee\/itf\/et\/2018\/08\/27\/eesti-tudruk-voitis-taekwon-do-juunioride-mmil-kuldmedali\/\"]}]},{\"@type\":\"ImageObject\",\"inLanguage\":\"et\",\"@id\":\"https:\/\/tkd.ee\/itf\/et\/2018\/08\/27\/eesti-tudruk-voitis-taekwon-do-juunioride-mmil-kuldmedali\/#primaryimage\",\"url\":\"https:\/\/tkd.ee\/itf\/wp-content\/uploads\/2018\/08\/40077641_1824606660910323_1690942651798388736_n.jpg\",\"contentUrl\":\"https:\/\/tkd.ee\/itf\/wp-content\/uploads\/2018\/08\/40077641_1824606660910323_1690942651798388736_n.jpg\",\"width\":960,\"height\":637},{\"@type\":\"BreadcrumbList\",\"@id\":\"https:\/\/tkd.ee\/itf\/et\/2018\/08\/27\/eesti-tudruk-voitis-taekwon-do-juunioride-mmil-kuldmedali\/#breadcrumb\",\"itemListElement\":[{\"@type\":\"ListItem\",\"position\":1,\"name\":\"Home\",\"item\":\"https:\/\/tkd.ee\/itf\/et\/\"},{\"@type\":\"ListItem\",\"position\":2,\"name\":\"Eesti t\u00fcdruk v\u00f5itis taekwon-do juunioride MMil kuldmedali\"}]},{\"@type\":\"WebSite\",\"@id\":\"https:\/\/tkd.ee\/itf\/#website\",\"url\":\"https:\/\/tkd.ee\/itf\/\",\"name\":\"EESTI TAEKWONDO LIIT\",\"description\":\"Balanced development and fair play\",\"publisher\":{\"@id\":\"https:\/\/tkd.ee\/itf\/#organization\"},\"potentialAction\":[{\"@type\":\"SearchAction\",\"target\":{\"@type\":\"EntryPoint\",\"urlTemplate\":\"https:\/\/tkd.ee\/itf\/?s={search_term_string}\"},\"query-input\":{\"@type\":\"PropertyValueSpecification\",\"valueRequired\":true,\"valueName\":\"search_term_string\"}}],\"inLanguage\":\"et\"},{\"@type\":\"Organization\",\"@id\":\"https:\/\/tkd.ee\/itf\/#organization\",\"name\":\"Eesti Taekwondo Liit\",\"url\":\"https:\/\/tkd.ee\/itf\/\",\"logo\":{\"@type\":\"ImageObject\",\"inLanguage\":\"et\",\"@id\":\"https:\/\/tkd.ee\/itf\/#\/schema\/logo\/image\/\",\"url\":\"https:\/\/tkd.ee\/itf\/wp-content\/uploads\/2020\/11\/itf-logo-1.png\",\"contentUrl\":\"https:\/\/tkd.ee\/itf\/wp-content\/uploads\/2020\/11\/itf-logo-1.png\",\"width\":540,\"height\":540,\"caption\":\"Eesti Taekwondo Liit\"},\"image\":{\"@id\":\"https:\/\/tkd.ee\/itf\/#\/schema\/logo\/image\/\"}},{\"@type\":\"Person\",\"@id\":\"https:\/\/tkd.ee\/itf\/#\/schema\/person\/070cf74e28fa3eaa6e14199f94227157\",\"name\":\"koganesjan\",\"image\":{\"@type\":\"ImageObject\",\"inLanguage\":\"et\",\"@id\":\"https:\/\/tkd.ee\/itf\/#\/schema\/person\/image\/\",\"url\":\"https:\/\/secure.gravatar.com\/avatar\/ea0ef4bbd30ada9fb8af7bf1b5ab0b52?s=96&d=mm&r=g\",\"contentUrl\":\"https:\/\/secure.gravatar.com\/avatar\/ea0ef4bbd30ada9fb8af7bf1b5ab0b52?s=96&d=mm&r=g\",\"caption\":\"koganesjan\"},\"url\":\"https:\/\/tkd.ee\/itf\/author\/koganesjan\/\"}]}<\/script>\n<!-- \/ Yoast SEO plugin. -->","yoast_head_json":{"title":"Eesti t\u00fcdruk v\u00f5itis taekwon-do juunioride MMil kuldmedali - EESTI TAEKWONDO LIIT","robots":{"index":"index","follow":"follow","max-snippet":"max-snippet:-1","max-image-preview":"max-image-preview:large","max-video-preview":"max-video-preview:-1"},"canonical":"https:\/\/tkd.ee\/itf\/et\/2018\/08\/27\/eesti-tudruk-voitis-taekwon-do-juunioride-mmil-kuldmedali\/","og_locale":"et_EE","og_type":"article","og_title":"Eesti t\u00fcdruk v\u00f5itis taekwon-do juunioride MMil kuldmedali - EESTI TAEKWONDO LIIT","og_description":"Esmasp\u00e4eval, 27. augustil saabus Eesti taekwon-do koondis esmakordselt koju maailmameistri tiitliga \u2013 Anni Ermel v\u00f5itis kulla XII taekwon-do ITF juuniorite MMil Minskis. Viie p\u00e4eva kestel, 22.-26. augustini, v\u00f5istlesid Minskis parimad taekwon-do juuniorid 56 riigist. Tallinna juunior Anni Ermel tuli taekwon-do","og_url":"https:\/\/tkd.ee\/itf\/et\/2018\/08\/27\/eesti-tudruk-voitis-taekwon-do-juunioride-mmil-kuldmedali\/","og_site_name":"EESTI TAEKWONDO LIIT","article_published_time":"2018-08-27T14:05:41+00:00","article_modified_time":"2020-11-22T23:19:23+00:00","og_image":[{"width":960,"height":637,"url":"https:\/\/tkd.ee\/itf\/wp-content\/uploads\/2018\/08\/40077641_1824606660910323_1690942651798388736_n.jpg","type":"image\/jpeg"}],"author":"koganesjan","twitter_card":"summary_large_image","twitter_misc":{"Written by":"koganesjan","Est. reading time":"1 minut"},"schema":{"@context":"https:\/\/schema.org","@graph":[{"@type":"Article","@id":"https:\/\/tkd.ee\/itf\/et\/2018\/08\/27\/eesti-tudruk-voitis-taekwon-do-juunioride-mmil-kuldmedali\/#article","isPartOf":{"@id":"https:\/\/tkd.ee\/itf\/et\/2018\/08\/27\/eesti-tudruk-voitis-taekwon-do-juunioride-mmil-kuldmedali\/"},"author":{"name":"koganesjan","@id":"https:\/\/tkd.ee\/itf\/#\/schema\/person\/070cf74e28fa3eaa6e14199f94227157"},"headline":"Eesti t\u00fcdruk v\u00f5itis taekwon-do juunioride MMil kuldmedali","datePublished":"2018-08-27T14:05:41+00:00","dateModified":"2020-11-22T23:19:23+00:00","mainEntityOfPage":{"@id":"https:\/\/tkd.ee\/itf\/et\/2018\/08\/27\/eesti-tudruk-voitis-taekwon-do-juunioride-mmil-kuldmedali\/"},"wordCount":263,"publisher":{"@id":"https:\/\/tkd.ee\/itf\/#organization"},"image":{"@id":"https:\/\/tkd.ee\/itf\/et\/2018\/08\/27\/eesti-tudruk-voitis-taekwon-do-juunioride-mmil-kuldmedali\/#primaryimage"},"thumbnailUrl":"https:\/\/tkd.ee\/itf\/wp-content\/uploads\/2018\/08\/40077641_1824606660910323_1690942651798388736_n.jpg","articleSection":["Uudised"],"inLanguage":"et"},{"@type":"WebPage","@id":"https:\/\/tkd.ee\/itf\/et\/2018\/08\/27\/eesti-tudruk-voitis-taekwon-do-juunioride-mmil-kuldmedali\/","url":"https:\/\/tkd.ee\/itf\/et\/2018\/08\/27\/eesti-tudruk-voitis-taekwon-do-juunioride-mmil-kuldmedali\/","name":"Eesti t\u00fcdruk v\u00f5itis taekwon-do juunioride MMil kuldmedali - EESTI TAEKWONDO LIIT","isPartOf":{"@id":"https:\/\/tkd.ee\/itf\/#website"},"primaryImageOfPage":{"@id":"https:\/\/tkd.ee\/itf\/et\/2018\/08\/27\/eesti-tudruk-voitis-taekwon-do-juunioride-mmil-kuldmedali\/#primaryimage"},"image":{"@id":"https:\/\/tkd.ee\/itf\/et\/2018\/08\/27\/eesti-tudruk-voitis-taekwon-do-juunioride-mmil-kuldmedali\/#primaryimage"},"thumbnailUrl":"https:\/\/tkd.ee\/itf\/wp-content\/uploads\/2018\/08\/40077641_1824606660910323_1690942651798388736_n.jpg","datePublished":"2018-08-27T14:05:41+00:00","dateModified":"2020-11-22T23:19:23+00:00","breadcrumb":{"@id":"https:\/\/tkd.ee\/itf\/et\/2018\/08\/27\/eesti-tudruk-voitis-taekwon-do-juunioride-mmil-kuldmedali\/#breadcrumb"},"inLanguage":"et","potentialAction":[{"@type":"ReadAction","target":["https:\/\/tkd.ee\/itf\/et\/2018\/08\/27\/eesti-tudruk-voitis-taekwon-do-juunioride-mmil-kuldmedali\/"]}]},{"@type":"ImageObject","inLanguage":"et","@id":"https:\/\/tkd.ee\/itf\/et\/2018\/08\/27\/eesti-tudruk-voitis-taekwon-do-juunioride-mmil-kuldmedali\/#primaryimage","url":"https:\/\/tkd.ee\/itf\/wp-content\/uploads\/2018\/08\/40077641_1824606660910323_1690942651798388736_n.jpg","contentUrl":"https:\/\/tkd.ee\/itf\/wp-content\/uploads\/2018\/08\/40077641_1824606660910323_1690942651798388736_n.jpg","width":960,"height":637},{"@type":"BreadcrumbList","@id":"https:\/\/tkd.ee\/itf\/et\/2018\/08\/27\/eesti-tudruk-voitis-taekwon-do-juunioride-mmil-kuldmedali\/#breadcrumb","itemListElement":[{"@type":"ListItem","position":1,"name":"Home","item":"https:\/\/tkd.ee\/itf\/et\/"},{"@type":"ListItem","position":2,"name":"Eesti t\u00fcdruk v\u00f5itis taekwon-do juunioride MMil kuldmedali"}]},{"@type":"WebSite","@id":"https:\/\/tkd.ee\/itf\/#website","url":"https:\/\/tkd.ee\/itf\/","name":"EESTI TAEKWONDO LIIT","description":"Balanced development and fair play","publisher":{"@id":"https:\/\/tkd.ee\/itf\/#organization"},"potentialAction":[{"@type":"SearchAction","target":{"@type":"EntryPoint","urlTemplate":"https:\/\/tkd.ee\/itf\/?s={search_term_string}"},"query-input":{"@type":"PropertyValueSpecification","valueRequired":true,"valueName":"search_term_string"}}],"inLanguage":"et"},{"@type":"Organization","@id":"https:\/\/tkd.ee\/itf\/#organization","name":"Eesti Taekwondo Liit","url":"https:\/\/tkd.ee\/itf\/","logo":{"@type":"ImageObject","inLanguage":"et","@id":"https:\/\/tkd.ee\/itf\/#\/schema\/logo\/image\/","url":"https:\/\/tkd.ee\/itf\/wp-content\/uploads\/2020\/11\/itf-logo-1.png","contentUrl":"https:\/\/tkd.ee\/itf\/wp-content\/uploads\/2020\/11\/itf-logo-1.png","width":540,"height":540,"caption":"Eesti Taekwondo Liit"},"image":{"@id":"https:\/\/tkd.ee\/itf\/#\/schema\/logo\/image\/"}},{"@type":"Person","@id":"https:\/\/tkd.ee\/itf\/#\/schema\/person\/070cf74e28fa3eaa6e14199f94227157","name":"koganesjan","image":{"@type":"ImageObject","inLanguage":"et","@id":"https:\/\/tkd.ee\/itf\/#\/schema\/person\/image\/","url":"https:\/\/secure.gravatar.com\/avatar\/ea0ef4bbd30ada9fb8af7bf1b5ab0b52?s=96&d=mm&r=g","contentUrl":"https:\/\/secure.gravatar.com\/avatar\/ea0ef4bbd30ada9fb8af7bf1b5ab0b52?s=96&d=mm&r=g","caption":"koganesjan"},"url":"https:\/\/tkd.ee\/itf\/author\/koganesjan\/"}]}},"builder_content":"<p>Esmasp\u00e4eval, 27. augustil saabus Eesti taekwon-do koondis esmakordselt koju maailmameistri tiitliga \u2013 Anni Ermel v\u00f5itis kulla XII taekwon-do ITF juuniorite MMil Minskis. <\/p> <p>Viie p\u00e4eva kestel, 22.-26. augustini, v\u00f5istlesid Minskis parimad taekwon-do juuniorid 56 riigist. Tallinna juunior Anni Ermel tuli taekwon-do maailmameistriks sparringus kehakaalus \u00fcle 65 kg.<\/p> <p>\u201eMeie jaoks on see m\u00e4rgiline v\u00f5it \u2013 esimest korda k\u00f5las Eesti h\u00fcmn taekwon-do maailmameistriv\u00f5istlustel. Varasemalt on meie koondis mitmel korral toonud koju kuldmedaleid Euroopa meistriv\u00f5istlustelt. Korduvalt oleme MMil olnud kuldmedalile v\u00e4ga l\u00e4hedal, saavutanud teise, ka kolmanda koha, kuid maailmameistri tiitlit pole meil varem olnud. Anni Ermeli v\u00f5it on meile v\u00e4ga t\u00e4htis,\u201c \u00fctles Eesti Taekwon-do liidu president Mihhail K\u00f5lvart.<\/p> <p>\u201eVaadates tagasi eelmisele hooajale oli see meie jaoks edukas ning n\u00fc\u00fcd on uus hooaeg v\u00e4ga eriliselt alanud,\u201c lisab K\u00f5lvart.<\/p> <p>Seekord esindasid Eesti koondist seitse sportlast treenerite Kazbulat \u0160ogenovi ja Robert Trofimovi juhendamisel. P\u00e4rnu sportlasel Kamilla Velikopoljel j\u00e4i puudu \u00fcks v\u00f5it, et j\u00f5uda poolfinaali ja t\u00f5usta pjedestaalile.<br \/> Koondise liikmed, kelle seas oli nii kogenud sportlasi kui ka deb\u00fctante, esindasid nelja klubi kolmest Eesti linnast: Katleri Taekwondo Klubi (Tallinn), Katleri Shogen Club (Maardu), P\u00e4rnu Taekwondo klubi ja Hvarang (Tallinn).<\/p> <p>Sportlaste nimekiri:<br \/> Anni Ermel (kahekordne Euroopa meister 2016-2017, h\u00f5bemedal kodusel EM-il 2018);<br \/> Kamilla Velikopolje (Euroopa meister 2017);<br \/> Danila Subat\u0161jus (mitmekordne Euroopa auhinnasaaja, kolmas koht juunioride euro-reitingus);<br \/> Anette Russ (h\u00f5bemedal EM-il 2017);<br \/> Erik Lavrov (kahekordne koduse EM-i pronksmedalist 2018);<br \/> Daaniel Hallop (Maailma Karika auhinnasaaja 2017);<br \/> Vladislav T\u0161urin (Maailma Karika auhinnasaaja 2017).<\/p> <p>Lisainfo:<br \/> Ilona Uzlova<br \/> Tel. +372 58081044<\/p>\n<a href=\"https:\/\/tkd.ee\/itf\/wp-content\/uploads\/2018\/08\/40208547_1824606784243644_8166136605396959232_n-1.jpg\"> <img src=\"https:\/\/tkd.ee\/itf\/wp-content\/uploads\/2018\/08\/40208547_1824606784243644_8166136605396959232_n-1.jpg\" title=\"40208547_1824606784243644_8166136605396959232_n\" alt=\"40208547_1824606784243644_8166136605396959232_n\" srcset=\"https:\/\/tkd.ee\/itf\/wp-content\/uploads\/2018\/08\/40208547_1824606784243644_8166136605396959232_n-1.jpg 960w, https:\/\/tkd.ee\/itf\/wp-content\/uploads\/2018\/08\/40208547_1824606784243644_8166136605396959232_n-1-300x200.jpg 300w, https:\/\/tkd.ee\/itf\/wp-content\/uploads\/2018\/08\/40208547_1824606784243644_8166136605396959232_n-1-768x512.jpg 768w\" sizes=\"(max-width: 960px) 100vw, 960px\" \/> <\/a>","_links":{"self":[{"href":"https:\/\/tkd.ee\/itf\/wp-json\/wp\/v2\/posts\/3433"}],"collection":[{"href":"https:\/\/tkd.ee\/itf\/wp-json\/wp\/v2\/posts"}],"about":[{"href":"https:\/\/tkd.ee\/itf\/wp-json\/wp\/v2\/types\/post"}],"author":[{"embeddable":true,"href":"https:\/\/tkd.ee\/itf\/wp-json\/wp\/v2\/users\/3"}],"replies":[{"embeddable":true,"href":"https:\/\/tkd.ee\/itf\/wp-json\/wp\/v2\/comments?post=3433"}],"version-history":[{"count":1,"href":"https:\/\/tkd.ee\/itf\/wp-json\/wp\/v2\/posts\/3433\/revisions"}],"predecessor-version":[{"id":3436,"href":"https:\/\/tkd.ee\/itf\/wp-json\/wp\/v2\/posts\/3433\/revisions\/3436"}],"wp:featuredmedia":[{"embeddable":true,"href":"https:\/\/tkd.ee\/itf\/wp-json\/wp\/v2\/media\/3432"}],"wp:attachment":[{"href":"https:\/\/tkd.ee\/itf\/wp-json\/wp\/v2\/media?parent=3433"}],"wp:term":[{"taxonomy":"category","embeddable":true,"href":"https:\/\/tkd.ee\/itf\/wp-json\/wp\/v2\/categories?post=3433"},{"taxonomy":"post_tag","embeddable":true,"href":"https:\/\/tkd.ee\/itf\/wp-json\/wp\/v2\/tags?post=3433"}],"curies":[{"name":"wp","href":"https:\/\/api.w.org\/{rel}","templated":true}]}}