{"id":3637,"date":"2018-09-24T16:32:21","date_gmt":"2018-09-24T13:32:21","guid":{"rendered":"http:\/\/tkd.ee\/itf\/?p=3637"},"modified":"2020-11-23T02:05:05","modified_gmt":"2020-11-22T23:05:05","slug":"ajakava-2","status":"publish","type":"post","link":"https:\/\/tkd.ee\/itf\/et\/2018\/09\/24\/ajakava-2\/","title":{"rendered":"Ajakava"},"content":{"rendered":"<!--themify_builder_content-->\n<div id=\"themify_builder_content-3637\" data-postid=\"3637\" class=\"themify_builder_content themify_builder_content-3637 themify_builder tf_clear\">\n                    <div  data-lazy=\"1\" class=\"module_row themify_builder_row tb_5sjb000 tb_first tf_w\">\n                        <div class=\"row_inner col_align_top tb_col_count_2 tf_box tf_rel\">\n                        <div  data-lazy=\"1\" class=\"module_column tb-column col4-3  tb_qia8500 first\">\n                    <!-- module image -->\n<div  class=\"module module-image tb_hieo055 image-top    tf_mw\" data-lazy=\"1\">\n        <div class=\"image-wrap tf_rel tf_mw\">\n            <img loading=\"lazy\" decoding=\"async\" width=\"1559\" height=\"999\" src=\"https:\/\/tkd.ee\/itf\/wp-content\/uploads\/2018\/09\/df.jpg\" class=\"wp-post-image wp-image-3629\" title=\"df\" alt=\"df\" srcset=\"https:\/\/tkd.ee\/itf\/wp-content\/uploads\/2018\/09\/df.jpg 1559w, https:\/\/tkd.ee\/itf\/wp-content\/uploads\/2018\/09\/df-300x192.jpg 300w, https:\/\/tkd.ee\/itf\/wp-content\/uploads\/2018\/09\/df-768x492.jpg 768w, https:\/\/tkd.ee\/itf\/wp-content\/uploads\/2018\/09\/df-1024x656.jpg 1024w\" sizes=\"(max-width: 1559px) 100vw, 1559px\" \/>    \n        <\/div>\n    <!-- \/image-wrap -->\n    \n        <\/div>\n<!-- \/module image --><!-- module text -->\n<div  class=\"module module-text tb_irf9000   \" data-lazy=\"1\">\n        <div  class=\"tb_text_wrap\">\n        <p>30.septembril kell 12.00 ootame k\u00f5iki v\u00f5itluskunstide esindajaid ja harrastajaid\u00a0\u00a0 tervisep\u00e4evale! \u00dcritus toimub Lasnam\u00e4e kergej\u00f5ustikuhallis ( Punane 45).<\/p><p>Programmis :\u00a0<\/p><p>11:45 \u2013 k\u00f5ikide osalejate kogunemine\u00a0<\/p><p>12:00 \u2013 jooksuv\u00f5istluste algus lastele vanuses 3 -4 aastat ( sportlik riietus). Eelnev registreerimine. &#8211;\u00a0<u><a href=\"https:\/\/www.survio.com\/survey\/d\/I8B4A1T6D9A1K1R1T#.W6jUSF8QmSg.facebook\">https:\/\/www.survio.com\/survey\/d\/I8B4A1T6D9A1K1R1T#.W6jUSF8QmSg.facebook<\/a><\/u>)<\/p><p>12:15 \u2013 jooksuv\u00f5istluste algus lastele vanuses 5 -6 aastat ( sportlik riietus). Eelnev registreerimine. &#8211;\u00a0<u><a href=\"https:\/\/www.survio.com\/survey\/d\/I8B4A1T6D9A1K1R1T#.W6jUSF8QmSg.facebook\">https:\/\/www.survio.com\/survey\/d\/I8B4A1T6D9A1K1R1T#.W6jUSF8QmSg.facebook<\/a><\/u>)<\/p><p>12:30 \u2013 \u00fcldise soojenduse algus seitsme treeneri juhendamisel<\/p><p>13:20 \u2013 treeningute algus sektorites. Igal alal on peav\u00e4ljakul oma sektor.<\/p><p>14:00 \u2013 \u00fcrituse l\u00f5pp<\/p>    <\/div>\n<\/div>\n<!-- \/module text -->        <\/div>\n                    <div  data-lazy=\"1\" class=\"module_column tb-column col4-1  tb_2mji091 last\">\n                            <\/div>\n                        <\/div>\n        <\/div>\n        <\/div>\n<!--\/themify_builder_content-->","protected":false},"excerpt":{"rendered":"<p>30.septembril kell 12.00 ootame k\u00f5iki v\u00f5itluskunstide esindajaid ja harrastajaid\u00a0\u00a0 tervisep\u00e4evale! \u00dcritus toimub Lasnam\u00e4e kergej\u00f5ustikuhallis ( Punane 45). Programmis :\u00a0 11:45 \u2013 k\u00f5ikide osalejate kogunemine\u00a0 12:00 \u2013 jooksuv\u00f5istluste algus lastele vanuses 3 -4 aastat ( sportlik riietus). Eelnev registreerimine. &#8211;\u00a0https:\/\/www.survio.com\/survey\/d\/I8B4A1T6D9A1K1R1T#.W6jUSF8QmSg.facebook) 12:15<\/p>\n","protected":false},"author":3,"featured_media":0,"comment_status":"closed","ping_status":"closed","sticky":false,"template":"","format":"standard","meta":{"footnotes":""},"categories":[7],"tags":[],"class_list":["post-3637","post","type-post","status-publish","format-standard","hentry","category---et"],"yoast_head":"<!-- This site is optimized with the Yoast SEO plugin v24.1 - https:\/\/yoast.com\/wordpress\/plugins\/seo\/ -->\n<title>Ajakava - EESTI TAEKWONDO LIIT<\/title>\n<meta name=\"robots\" content=\"index, follow, max-snippet:-1, max-image-preview:large, max-video-preview:-1\" \/>\n<link rel=\"canonical\" href=\"https:\/\/tkd.ee\/itf\/et\/2018\/09\/24\/ajakava-2\/\" \/>\n<meta property=\"og:locale\" content=\"et_EE\" \/>\n<meta property=\"og:type\" content=\"article\" \/>\n<meta property=\"og:title\" content=\"Ajakava - EESTI TAEKWONDO LIIT\" \/>\n<meta property=\"og:description\" content=\"30.septembril kell 12.00 ootame k\u00f5iki v\u00f5itluskunstide esindajaid ja harrastajaid\u00a0\u00a0 tervisep\u00e4evale! \u00dcritus toimub Lasnam\u00e4e kergej\u00f5ustikuhallis ( Punane 45). Programmis :\u00a0 11:45 \u2013 k\u00f5ikide osalejate kogunemine\u00a0 12:00 \u2013 jooksuv\u00f5istluste algus lastele vanuses 3 -4 aastat ( sportlik riietus). Eelnev registreerimine. &#8211;\u00a0https:\/\/www.survio.com\/survey\/d\/I8B4A1T6D9A1K1R1T#.W6jUSF8QmSg.facebook) 12:15\" \/>\n<meta property=\"og:url\" content=\"https:\/\/tkd.ee\/itf\/et\/2018\/09\/24\/ajakava-2\/\" \/>\n<meta property=\"og:site_name\" content=\"EESTI TAEKWONDO LIIT\" \/>\n<meta property=\"article:published_time\" content=\"2018-09-24T13:32:21+00:00\" \/>\n<meta property=\"article:modified_time\" content=\"2020-11-22T23:05:05+00:00\" \/>\n<meta property=\"og:image\" content=\"https:\/\/tkd.ee\/itf\/wp-content\/uploads\/2018\/09\/df.jpg\" \/>\n<meta name=\"author\" content=\"koganesjan\" \/>\n<meta name=\"twitter:card\" content=\"summary_large_image\" \/>\n<meta name=\"twitter:label1\" content=\"Written by\" \/>\n\t<meta name=\"twitter:data1\" content=\"koganesjan\" \/>\n\t<meta name=\"twitter:label2\" content=\"Est. reading time\" \/>\n\t<meta name=\"twitter:data2\" content=\"1 minut\" \/>\n<script type=\"application\/ld+json\" class=\"yoast-schema-graph\">{\"@context\":\"https:\/\/schema.org\",\"@graph\":[{\"@type\":\"Article\",\"@id\":\"https:\/\/tkd.ee\/itf\/et\/2018\/09\/24\/ajakava-2\/#article\",\"isPartOf\":{\"@id\":\"https:\/\/tkd.ee\/itf\/et\/2018\/09\/24\/ajakava-2\/\"},\"author\":{\"name\":\"koganesjan\",\"@id\":\"https:\/\/tkd.ee\/itf\/#\/schema\/person\/070cf74e28fa3eaa6e14199f94227157\"},\"headline\":\"Ajakava\",\"datePublished\":\"2018-09-24T13:32:21+00:00\",\"dateModified\":\"2020-11-22T23:05:05+00:00\",\"mainEntityOfPage\":{\"@id\":\"https:\/\/tkd.ee\/itf\/et\/2018\/09\/24\/ajakava-2\/\"},\"wordCount\":106,\"publisher\":{\"@id\":\"https:\/\/tkd.ee\/itf\/#organization\"},\"image\":{\"@id\":\"https:\/\/tkd.ee\/itf\/et\/2018\/09\/24\/ajakava-2\/#primaryimage\"},\"thumbnailUrl\":\"https:\/\/tkd.ee\/itf\/wp-content\/uploads\/2018\/09\/df.jpg\",\"articleSection\":[\"\u0411\u0435\u0437 \u0440\u0443\u0431\u0440\u0438\u043a\u0438\"],\"inLanguage\":\"et\"},{\"@type\":\"WebPage\",\"@id\":\"https:\/\/tkd.ee\/itf\/et\/2018\/09\/24\/ajakava-2\/\",\"url\":\"https:\/\/tkd.ee\/itf\/et\/2018\/09\/24\/ajakava-2\/\",\"name\":\"Ajakava - EESTI TAEKWONDO LIIT\",\"isPartOf\":{\"@id\":\"https:\/\/tkd.ee\/itf\/#website\"},\"primaryImageOfPage\":{\"@id\":\"https:\/\/tkd.ee\/itf\/et\/2018\/09\/24\/ajakava-2\/#primaryimage\"},\"image\":{\"@id\":\"https:\/\/tkd.ee\/itf\/et\/2018\/09\/24\/ajakava-2\/#primaryimage\"},\"thumbnailUrl\":\"https:\/\/tkd.ee\/itf\/wp-content\/uploads\/2018\/09\/df.jpg\",\"datePublished\":\"2018-09-24T13:32:21+00:00\",\"dateModified\":\"2020-11-22T23:05:05+00:00\",\"breadcrumb\":{\"@id\":\"https:\/\/tkd.ee\/itf\/et\/2018\/09\/24\/ajakava-2\/#breadcrumb\"},\"inLanguage\":\"et\",\"potentialAction\":[{\"@type\":\"ReadAction\",\"target\":[\"https:\/\/tkd.ee\/itf\/et\/2018\/09\/24\/ajakava-2\/\"]}]},{\"@type\":\"ImageObject\",\"inLanguage\":\"et\",\"@id\":\"https:\/\/tkd.ee\/itf\/et\/2018\/09\/24\/ajakava-2\/#primaryimage\",\"url\":\"https:\/\/tkd.ee\/itf\/wp-content\/uploads\/2018\/09\/df.jpg\",\"contentUrl\":\"https:\/\/tkd.ee\/itf\/wp-content\/uploads\/2018\/09\/df.jpg\",\"width\":1559,\"height\":999},{\"@type\":\"BreadcrumbList\",\"@id\":\"https:\/\/tkd.ee\/itf\/et\/2018\/09\/24\/ajakava-2\/#breadcrumb\",\"itemListElement\":[{\"@type\":\"ListItem\",\"position\":1,\"name\":\"Home\",\"item\":\"https:\/\/tkd.ee\/itf\/et\/\"},{\"@type\":\"ListItem\",\"position\":2,\"name\":\"Ajakava\"}]},{\"@type\":\"WebSite\",\"@id\":\"https:\/\/tkd.ee\/itf\/#website\",\"url\":\"https:\/\/tkd.ee\/itf\/\",\"name\":\"EESTI TAEKWONDO LIIT\",\"description\":\"Balanced development and fair play\",\"publisher\":{\"@id\":\"https:\/\/tkd.ee\/itf\/#organization\"},\"potentialAction\":[{\"@type\":\"SearchAction\",\"target\":{\"@type\":\"EntryPoint\",\"urlTemplate\":\"https:\/\/tkd.ee\/itf\/?s={search_term_string}\"},\"query-input\":{\"@type\":\"PropertyValueSpecification\",\"valueRequired\":true,\"valueName\":\"search_term_string\"}}],\"inLanguage\":\"et\"},{\"@type\":\"Organization\",\"@id\":\"https:\/\/tkd.ee\/itf\/#organization\",\"name\":\"Eesti Taekwondo Liit\",\"url\":\"https:\/\/tkd.ee\/itf\/\",\"logo\":{\"@type\":\"ImageObject\",\"inLanguage\":\"et\",\"@id\":\"https:\/\/tkd.ee\/itf\/#\/schema\/logo\/image\/\",\"url\":\"https:\/\/tkd.ee\/itf\/wp-content\/uploads\/2020\/11\/itf-logo-1.png\",\"contentUrl\":\"https:\/\/tkd.ee\/itf\/wp-content\/uploads\/2020\/11\/itf-logo-1.png\",\"width\":540,\"height\":540,\"caption\":\"Eesti Taekwondo Liit\"},\"image\":{\"@id\":\"https:\/\/tkd.ee\/itf\/#\/schema\/logo\/image\/\"}},{\"@type\":\"Person\",\"@id\":\"https:\/\/tkd.ee\/itf\/#\/schema\/person\/070cf74e28fa3eaa6e14199f94227157\",\"name\":\"koganesjan\",\"image\":{\"@type\":\"ImageObject\",\"inLanguage\":\"et\",\"@id\":\"https:\/\/tkd.ee\/itf\/#\/schema\/person\/image\/\",\"url\":\"https:\/\/secure.gravatar.com\/avatar\/ea0ef4bbd30ada9fb8af7bf1b5ab0b52?s=96&d=mm&r=g\",\"contentUrl\":\"https:\/\/secure.gravatar.com\/avatar\/ea0ef4bbd30ada9fb8af7bf1b5ab0b52?s=96&d=mm&r=g\",\"caption\":\"koganesjan\"},\"url\":\"https:\/\/tkd.ee\/itf\/author\/koganesjan\/\"}]}<\/script>\n<!-- \/ Yoast SEO plugin. -->","yoast_head_json":{"title":"Ajakava - EESTI TAEKWONDO LIIT","robots":{"index":"index","follow":"follow","max-snippet":"max-snippet:-1","max-image-preview":"max-image-preview:large","max-video-preview":"max-video-preview:-1"},"canonical":"https:\/\/tkd.ee\/itf\/et\/2018\/09\/24\/ajakava-2\/","og_locale":"et_EE","og_type":"article","og_title":"Ajakava - EESTI TAEKWONDO LIIT","og_description":"30.septembril kell 12.00 ootame k\u00f5iki v\u00f5itluskunstide esindajaid ja harrastajaid\u00a0\u00a0 tervisep\u00e4evale! \u00dcritus toimub Lasnam\u00e4e kergej\u00f5ustikuhallis ( Punane 45). Programmis :\u00a0 11:45 \u2013 k\u00f5ikide osalejate kogunemine\u00a0 12:00 \u2013 jooksuv\u00f5istluste algus lastele vanuses 3 -4 aastat ( sportlik riietus). Eelnev registreerimine. &#8211;\u00a0https:\/\/www.survio.com\/survey\/d\/I8B4A1T6D9A1K1R1T#.W6jUSF8QmSg.facebook) 12:15","og_url":"https:\/\/tkd.ee\/itf\/et\/2018\/09\/24\/ajakava-2\/","og_site_name":"EESTI TAEKWONDO LIIT","article_published_time":"2018-09-24T13:32:21+00:00","article_modified_time":"2020-11-22T23:05:05+00:00","og_image":[{"url":"https:\/\/tkd.ee\/itf\/wp-content\/uploads\/2018\/09\/df.jpg","type":"","width":"","height":""}],"author":"koganesjan","twitter_card":"summary_large_image","twitter_misc":{"Written by":"koganesjan","Est. reading time":"1 minut"},"schema":{"@context":"https:\/\/schema.org","@graph":[{"@type":"Article","@id":"https:\/\/tkd.ee\/itf\/et\/2018\/09\/24\/ajakava-2\/#article","isPartOf":{"@id":"https:\/\/tkd.ee\/itf\/et\/2018\/09\/24\/ajakava-2\/"},"author":{"name":"koganesjan","@id":"https:\/\/tkd.ee\/itf\/#\/schema\/person\/070cf74e28fa3eaa6e14199f94227157"},"headline":"Ajakava","datePublished":"2018-09-24T13:32:21+00:00","dateModified":"2020-11-22T23:05:05+00:00","mainEntityOfPage":{"@id":"https:\/\/tkd.ee\/itf\/et\/2018\/09\/24\/ajakava-2\/"},"wordCount":106,"publisher":{"@id":"https:\/\/tkd.ee\/itf\/#organization"},"image":{"@id":"https:\/\/tkd.ee\/itf\/et\/2018\/09\/24\/ajakava-2\/#primaryimage"},"thumbnailUrl":"https:\/\/tkd.ee\/itf\/wp-content\/uploads\/2018\/09\/df.jpg","articleSection":["\u0411\u0435\u0437 \u0440\u0443\u0431\u0440\u0438\u043a\u0438"],"inLanguage":"et"},{"@type":"WebPage","@id":"https:\/\/tkd.ee\/itf\/et\/2018\/09\/24\/ajakava-2\/","url":"https:\/\/tkd.ee\/itf\/et\/2018\/09\/24\/ajakava-2\/","name":"Ajakava - EESTI TAEKWONDO LIIT","isPartOf":{"@id":"https:\/\/tkd.ee\/itf\/#website"},"primaryImageOfPage":{"@id":"https:\/\/tkd.ee\/itf\/et\/2018\/09\/24\/ajakava-2\/#primaryimage"},"image":{"@id":"https:\/\/tkd.ee\/itf\/et\/2018\/09\/24\/ajakava-2\/#primaryimage"},"thumbnailUrl":"https:\/\/tkd.ee\/itf\/wp-content\/uploads\/2018\/09\/df.jpg","datePublished":"2018-09-24T13:32:21+00:00","dateModified":"2020-11-22T23:05:05+00:00","breadcrumb":{"@id":"https:\/\/tkd.ee\/itf\/et\/2018\/09\/24\/ajakava-2\/#breadcrumb"},"inLanguage":"et","potentialAction":[{"@type":"ReadAction","target":["https:\/\/tkd.ee\/itf\/et\/2018\/09\/24\/ajakava-2\/"]}]},{"@type":"ImageObject","inLanguage":"et","@id":"https:\/\/tkd.ee\/itf\/et\/2018\/09\/24\/ajakava-2\/#primaryimage","url":"https:\/\/tkd.ee\/itf\/wp-content\/uploads\/2018\/09\/df.jpg","contentUrl":"https:\/\/tkd.ee\/itf\/wp-content\/uploads\/2018\/09\/df.jpg","width":1559,"height":999},{"@type":"BreadcrumbList","@id":"https:\/\/tkd.ee\/itf\/et\/2018\/09\/24\/ajakava-2\/#breadcrumb","itemListElement":[{"@type":"ListItem","position":1,"name":"Home","item":"https:\/\/tkd.ee\/itf\/et\/"},{"@type":"ListItem","position":2,"name":"Ajakava"}]},{"@type":"WebSite","@id":"https:\/\/tkd.ee\/itf\/#website","url":"https:\/\/tkd.ee\/itf\/","name":"EESTI TAEKWONDO LIIT","description":"Balanced development and fair play","publisher":{"@id":"https:\/\/tkd.ee\/itf\/#organization"},"potentialAction":[{"@type":"SearchAction","target":{"@type":"EntryPoint","urlTemplate":"https:\/\/tkd.ee\/itf\/?s={search_term_string}"},"query-input":{"@type":"PropertyValueSpecification","valueRequired":true,"valueName":"search_term_string"}}],"inLanguage":"et"},{"@type":"Organization","@id":"https:\/\/tkd.ee\/itf\/#organization","name":"Eesti Taekwondo Liit","url":"https:\/\/tkd.ee\/itf\/","logo":{"@type":"ImageObject","inLanguage":"et","@id":"https:\/\/tkd.ee\/itf\/#\/schema\/logo\/image\/","url":"https:\/\/tkd.ee\/itf\/wp-content\/uploads\/2020\/11\/itf-logo-1.png","contentUrl":"https:\/\/tkd.ee\/itf\/wp-content\/uploads\/2020\/11\/itf-logo-1.png","width":540,"height":540,"caption":"Eesti Taekwondo Liit"},"image":{"@id":"https:\/\/tkd.ee\/itf\/#\/schema\/logo\/image\/"}},{"@type":"Person","@id":"https:\/\/tkd.ee\/itf\/#\/schema\/person\/070cf74e28fa3eaa6e14199f94227157","name":"koganesjan","image":{"@type":"ImageObject","inLanguage":"et","@id":"https:\/\/tkd.ee\/itf\/#\/schema\/person\/image\/","url":"https:\/\/secure.gravatar.com\/avatar\/ea0ef4bbd30ada9fb8af7bf1b5ab0b52?s=96&d=mm&r=g","contentUrl":"https:\/\/secure.gravatar.com\/avatar\/ea0ef4bbd30ada9fb8af7bf1b5ab0b52?s=96&d=mm&r=g","caption":"koganesjan"},"url":"https:\/\/tkd.ee\/itf\/author\/koganesjan\/"}]}},"builder_content":"<img src=\"https:\/\/tkd.ee\/itf\/wp-content\/uploads\/2018\/09\/df.jpg\" title=\"df\" alt=\"df\" srcset=\"https:\/\/tkd.ee\/itf\/wp-content\/uploads\/2018\/09\/df.jpg 1559w, https:\/\/tkd.ee\/itf\/wp-content\/uploads\/2018\/09\/df-300x192.jpg 300w, https:\/\/tkd.ee\/itf\/wp-content\/uploads\/2018\/09\/df-768x492.jpg 768w, https:\/\/tkd.ee\/itf\/wp-content\/uploads\/2018\/09\/df-1024x656.jpg 1024w\" sizes=\"(max-width: 1559px) 100vw, 1559px\" \/>\n<p>30.septembril kell 12.00 ootame k\u00f5iki v\u00f5itluskunstide esindajaid ja harrastajaid\u00a0\u00a0 tervisep\u00e4evale! \u00dcritus toimub Lasnam\u00e4e kergej\u00f5ustikuhallis ( Punane 45).<\/p><p>Programmis :\u00a0<\/p><p>11:45 \u2013 k\u00f5ikide osalejate kogunemine\u00a0<\/p><p>12:00 \u2013 jooksuv\u00f5istluste algus lastele vanuses 3 -4 aastat ( sportlik riietus). Eelnev registreerimine. -\u00a0<u><a href=\"https:\/\/www.survio.com\/survey\/d\/I8B4A1T6D9A1K1R1T#.W6jUSF8QmSg.facebook\">https:\/\/www.survio.com\/survey\/d\/I8B4A1T6D9A1K1R1T#.W6jUSF8QmSg.facebook<\/a><\/u>)<\/p><p>12:15 \u2013 jooksuv\u00f5istluste algus lastele vanuses 5 -6 aastat ( sportlik riietus). Eelnev registreerimine. -\u00a0<u><a href=\"https:\/\/www.survio.com\/survey\/d\/I8B4A1T6D9A1K1R1T#.W6jUSF8QmSg.facebook\">https:\/\/www.survio.com\/survey\/d\/I8B4A1T6D9A1K1R1T#.W6jUSF8QmSg.facebook<\/a><\/u>)<\/p><p>12:30 \u2013 \u00fcldise soojenduse algus seitsme treeneri juhendamisel<\/p><p>13:20 \u2013 treeningute algus sektorites. Igal alal on peav\u00e4ljakul oma sektor.<\/p><p>14:00 \u2013 \u00fcrituse l\u00f5pp<\/p>","_links":{"self":[{"href":"https:\/\/tkd.ee\/itf\/wp-json\/wp\/v2\/posts\/3637"}],"collection":[{"href":"https:\/\/tkd.ee\/itf\/wp-json\/wp\/v2\/posts"}],"about":[{"href":"https:\/\/tkd.ee\/itf\/wp-json\/wp\/v2\/types\/post"}],"author":[{"embeddable":true,"href":"https:\/\/tkd.ee\/itf\/wp-json\/wp\/v2\/users\/3"}],"replies":[{"embeddable":true,"href":"https:\/\/tkd.ee\/itf\/wp-json\/wp\/v2\/comments?post=3637"}],"version-history":[{"count":2,"href":"https:\/\/tkd.ee\/itf\/wp-json\/wp\/v2\/posts\/3637\/revisions"}],"predecessor-version":[{"id":3644,"href":"https:\/\/tkd.ee\/itf\/wp-json\/wp\/v2\/posts\/3637\/revisions\/3644"}],"wp:attachment":[{"href":"https:\/\/tkd.ee\/itf\/wp-json\/wp\/v2\/media?parent=3637"}],"wp:term":[{"taxonomy":"category","embeddable":true,"href":"https:\/\/tkd.ee\/itf\/wp-json\/wp\/v2\/categories?post=3637"},{"taxonomy":"post_tag","embeddable":true,"href":"https:\/\/tkd.ee\/itf\/wp-json\/wp\/v2\/tags?post=3637"}],"curies":[{"name":"wp","href":"https:\/\/api.w.org\/{rel}","templated":true}]}}