{"id":3792,"date":"2019-04-10T11:55:42","date_gmt":"2019-04-10T08:55:42","guid":{"rendered":"http:\/\/tkd.ee\/itf\/?p=3792"},"modified":"2020-11-23T02:19:16","modified_gmt":"2020-11-22T23:19:16","slug":"eesti-sportlased-toid-euroopa-meistrivoistlustelt-taekwondos-kaks-kuldmedalit","status":"publish","type":"post","link":"https:\/\/tkd.ee\/itf\/et\/2019\/04\/10\/eesti-sportlased-toid-euroopa-meistrivoistlustelt-taekwondos-kaks-kuldmedalit\/","title":{"rendered":"Eesti sportlased t\u00f5id Euroopa meistriv\u00f5istlustelt taekwondos kaks kuldmedalit"},"content":{"rendered":"<!--themify_builder_content-->\n<div id=\"themify_builder_content-3792\" data-postid=\"3792\" class=\"themify_builder_content themify_builder_content-3792 themify_builder tf_clear\">\n                    <div  data-lazy=\"1\" class=\"module_row themify_builder_row tb_8ev3881 tb_first tf_w\">\n                        <div class=\"row_inner col_align_top tb_col_count_2 tf_box tf_rel\">\n                        <div  data-lazy=\"1\" class=\"module_column tb-column col4-2  tb_qtsi100 first\">\n                    <!-- module text -->\n<div  class=\"module module-text tb_kotg023   \" data-lazy=\"1\">\n        <div  class=\"tb_text_wrap\">\n        <p><strong>T\u00e4na \u00f6\u00f6sel Itaalias Riminis toimunud Euroopa meistriv\u00f5istlustelt taekwondos koju j\u00f5udnud Eesti koondislased t\u00f5id endaga kaasa 9 medalit \u2013 2 kulda ja 7 pronksi. 3.-8. aprillini toimunud taekwondo ITF turniiril osales enam kui 800 sportlast 30st riigist.<\/strong><\/p><p>Euroopa meistriks tuli Tallinna spordikooli esindaja <strong>Aleksandra Andrejeva<\/strong>, kes v\u00f5itis kuldmedali sparringus kuni 40 kg kaaluvate 14-15 aastaste juunioride kategoorias! Teise kulla v\u00f5itis Eestile <strong>Kamilla Velikopolje<\/strong> (juuniorid 16-17, kuni 52 kg), kes sai selle v\u00e4giteoga kahekordne Euroopa meister!<\/p><p>\u201eSee on erakordselt r\u00f5\u00f5mustav \u2013 tulla vastu meeskonnale, kes n\u00e4itas nii h\u00e4id tulemusi! See tulemus tugevdab kindlasti meie sportlaste eneseusku ning toob endaga uusi saavutusi,\u201c \u00fctles Eesti Taekwondo Liidu president <strong>Mihhail K\u00f5lvart<\/strong>. \u201eTulemuslik EM n\u00e4itas taas, et Eesti koondises on kogenud sportlaste k\u00f5rval v\u00e4ga palju andekaid noori.\u201c<\/p><p>\u201eK\u00f5ik meie sportlased esinesid v\u00e4ga v\u00e4\u00e4rikalt \u2013 \u00fcheksa medalit EMilt on v\u00e4ga hea n\u00e4itaja! Samuti on hea teada, et meeskond on k\u00f5rgelt motiveeritud ja valmis vallutama maailma k\u00f5rgusi,\u201c s\u00f5nas Eesti taekwondo koondise juhendaja <strong>Kazbulat \u0160ogenov<\/strong>. \u201eEes ongi ootamas maailmameistriv\u00f5istlused, mis toimuvad augustis Bulgaarias.\u201c<\/p><p><u>Pronksmedalid t\u00f5id EMilt koju:<\/u><\/p><p><strong>Anastassia Boiko<\/strong> \u2013 sparring kadettidele 11-13 aastat absoluutses kaalukategoorias 55+<\/p><p><strong>Erika Lavrov<\/strong> \u2013 juunior 14 -15 aastat kategoorias sparring kuni 45 kg<\/p><p><strong>Anette Russ<\/strong> \u2013 juunior 16-17 aastat kategoorias sparring kuni 58 kg<\/p><p><strong>Vladislav \u017darov<\/strong> \u2013 t\u00e4iskasvanud kategoorias sparring kuni 78 kg<\/p><p><strong>Vladislav I\u0161t\u0161ik<\/strong> \u2013 t\u00e4iskasvanud kategoorias sparring kuni 85 kg<\/p><p><strong>Inga Palu<\/strong> \u2013 t\u00e4iskasvanud, kategoorias sparring kuni 62 kg<\/p><p><strong>Alan Senkel<\/strong> \u2013 veteran, kategoorias sparring 90+ kg.<\/p>    <\/div>\n<\/div>\n<!-- \/module text -->        <\/div>\n                    <div  data-lazy=\"1\" class=\"module_column tb-column col4-2  tb_dxar612 last\">\n                    <!-- module image -->\n<div  class=\"module module-image tb_dkbb311 image-top    tf_mw\" data-lazy=\"1\">\n        <div class=\"image-wrap tf_rel tf_mw\">\n            <img loading=\"lazy\" decoding=\"async\" width=\"4032\" height=\"3024\" src=\"https:\/\/tkd.ee\/itf\/wp-content\/uploads\/2019\/04\/Taekwondo-EM-2019.jpg\" class=\"wp-post-image wp-image-3789\" title=\"Taekwondo EM 2019\" alt=\"Taekwondo EM 2019\" srcset=\"https:\/\/tkd.ee\/itf\/wp-content\/uploads\/2019\/04\/Taekwondo-EM-2019.jpg 4032w, https:\/\/tkd.ee\/itf\/wp-content\/uploads\/2019\/04\/Taekwondo-EM-2019-300x225.jpg 300w, https:\/\/tkd.ee\/itf\/wp-content\/uploads\/2019\/04\/Taekwondo-EM-2019-768x576.jpg 768w, https:\/\/tkd.ee\/itf\/wp-content\/uploads\/2019\/04\/Taekwondo-EM-2019-1024x768.jpg 1024w, https:\/\/tkd.ee\/itf\/wp-content\/uploads\/2019\/04\/Taekwondo-EM-2019-1024x768-213x160.jpg 213w\" sizes=\"(max-width: 4032px) 100vw, 4032px\" \/>    \n        <\/div>\n    <!-- \/image-wrap -->\n    \n        <\/div>\n<!-- \/module image -->        <\/div>\n                        <\/div>\n        <\/div>\n        <\/div>\n<!--\/themify_builder_content-->","protected":false},"excerpt":{"rendered":"<p>T\u00e4na \u00f6\u00f6sel Itaalias Riminis toimunud Euroopa meistriv\u00f5istlustelt taekwondos koju j\u00f5udnud Eesti koondislased t\u00f5id endaga kaasa 9 medalit \u2013 2 kulda ja 7 pronksi. 3.-8. aprillini toimunud taekwondo ITF turniiril osales enam kui 800 sportlast 30st riigist. Euroopa meistriks tuli Tallinna<\/p>\n","protected":false},"author":1,"featured_media":3790,"comment_status":"closed","ping_status":"closed","sticky":false,"template":"","format":"standard","meta":{"footnotes":""},"categories":[39],"tags":[],"class_list":["post-3792","post","type-post","status-publish","format-standard","has-post-thumbnail","hentry","category-uudised"],"yoast_head":"<!-- This site is optimized with the Yoast SEO plugin v24.1 - https:\/\/yoast.com\/wordpress\/plugins\/seo\/ -->\n<title>Eesti sportlased t\u00f5id Euroopa meistriv\u00f5istlustelt taekwondos kaks kuldmedalit - EESTI TAEKWONDO LIIT<\/title>\n<meta name=\"robots\" content=\"index, follow, max-snippet:-1, max-image-preview:large, max-video-preview:-1\" \/>\n<link rel=\"canonical\" href=\"https:\/\/tkd.ee\/itf\/et\/2019\/04\/10\/eesti-sportlased-toid-euroopa-meistrivoistlustelt-taekwondos-kaks-kuldmedalit\/\" \/>\n<meta property=\"og:locale\" content=\"et_EE\" \/>\n<meta property=\"og:type\" content=\"article\" \/>\n<meta property=\"og:title\" content=\"Eesti sportlased t\u00f5id Euroopa meistriv\u00f5istlustelt taekwondos kaks kuldmedalit - EESTI TAEKWONDO LIIT\" \/>\n<meta property=\"og:description\" content=\"T\u00e4na \u00f6\u00f6sel Itaalias Riminis toimunud Euroopa meistriv\u00f5istlustelt taekwondos koju j\u00f5udnud Eesti koondislased t\u00f5id endaga kaasa 9 medalit \u2013 2 kulda ja 7 pronksi. 3.-8. aprillini toimunud taekwondo ITF turniiril osales enam kui 800 sportlast 30st riigist. Euroopa meistriks tuli Tallinna\" \/>\n<meta property=\"og:url\" content=\"https:\/\/tkd.ee\/itf\/et\/2019\/04\/10\/eesti-sportlased-toid-euroopa-meistrivoistlustelt-taekwondos-kaks-kuldmedalit\/\" \/>\n<meta property=\"og:site_name\" content=\"EESTI TAEKWONDO LIIT\" \/>\n<meta property=\"article:published_time\" content=\"2019-04-10T08:55:42+00:00\" \/>\n<meta property=\"article:modified_time\" content=\"2020-11-22T23:19:16+00:00\" \/>\n<meta property=\"og:image\" content=\"https:\/\/tkd.ee\/itf\/wp-content\/uploads\/2019\/04\/Taekwondo-EM-2019-1024x768.jpg\" \/>\n\t<meta property=\"og:image:width\" content=\"1024\" \/>\n\t<meta property=\"og:image:height\" content=\"768\" \/>\n\t<meta property=\"og:image:type\" content=\"image\/jpeg\" \/>\n<meta name=\"author\" content=\"skrasii\" \/>\n<meta name=\"twitter:card\" content=\"summary_large_image\" \/>\n<meta name=\"twitter:label1\" content=\"Written by\" \/>\n\t<meta name=\"twitter:data1\" content=\"skrasii\" \/>\n\t<meta name=\"twitter:label2\" content=\"Est. reading time\" \/>\n\t<meta name=\"twitter:data2\" content=\"1 minut\" \/>\n<script type=\"application\/ld+json\" class=\"yoast-schema-graph\">{\"@context\":\"https:\/\/schema.org\",\"@graph\":[{\"@type\":\"Article\",\"@id\":\"https:\/\/tkd.ee\/itf\/et\/2019\/04\/10\/eesti-sportlased-toid-euroopa-meistrivoistlustelt-taekwondos-kaks-kuldmedalit\/#article\",\"isPartOf\":{\"@id\":\"https:\/\/tkd.ee\/itf\/et\/2019\/04\/10\/eesti-sportlased-toid-euroopa-meistrivoistlustelt-taekwondos-kaks-kuldmedalit\/\"},\"author\":{\"name\":\"skrasii\",\"@id\":\"https:\/\/tkd.ee\/itf\/#\/schema\/person\/6d215b835c47de4d30c72da9649f398b\"},\"headline\":\"Eesti sportlased t\u00f5id Euroopa meistriv\u00f5istlustelt taekwondos kaks kuldmedalit\",\"datePublished\":\"2019-04-10T08:55:42+00:00\",\"dateModified\":\"2020-11-22T23:19:16+00:00\",\"mainEntityOfPage\":{\"@id\":\"https:\/\/tkd.ee\/itf\/et\/2019\/04\/10\/eesti-sportlased-toid-euroopa-meistrivoistlustelt-taekwondos-kaks-kuldmedalit\/\"},\"wordCount\":251,\"publisher\":{\"@id\":\"https:\/\/tkd.ee\/itf\/#organization\"},\"image\":{\"@id\":\"https:\/\/tkd.ee\/itf\/et\/2019\/04\/10\/eesti-sportlased-toid-euroopa-meistrivoistlustelt-taekwondos-kaks-kuldmedalit\/#primaryimage\"},\"thumbnailUrl\":\"https:\/\/tkd.ee\/itf\/wp-content\/uploads\/2019\/04\/Taekwondo-EM-2019.jpg\",\"articleSection\":[\"Uudised\"],\"inLanguage\":\"et\"},{\"@type\":\"WebPage\",\"@id\":\"https:\/\/tkd.ee\/itf\/et\/2019\/04\/10\/eesti-sportlased-toid-euroopa-meistrivoistlustelt-taekwondos-kaks-kuldmedalit\/\",\"url\":\"https:\/\/tkd.ee\/itf\/et\/2019\/04\/10\/eesti-sportlased-toid-euroopa-meistrivoistlustelt-taekwondos-kaks-kuldmedalit\/\",\"name\":\"Eesti sportlased t\u00f5id Euroopa meistriv\u00f5istlustelt taekwondos kaks kuldmedalit - EESTI TAEKWONDO LIIT\",\"isPartOf\":{\"@id\":\"https:\/\/tkd.ee\/itf\/#website\"},\"primaryImageOfPage\":{\"@id\":\"https:\/\/tkd.ee\/itf\/et\/2019\/04\/10\/eesti-sportlased-toid-euroopa-meistrivoistlustelt-taekwondos-kaks-kuldmedalit\/#primaryimage\"},\"image\":{\"@id\":\"https:\/\/tkd.ee\/itf\/et\/2019\/04\/10\/eesti-sportlased-toid-euroopa-meistrivoistlustelt-taekwondos-kaks-kuldmedalit\/#primaryimage\"},\"thumbnailUrl\":\"https:\/\/tkd.ee\/itf\/wp-content\/uploads\/2019\/04\/Taekwondo-EM-2019.jpg\",\"datePublished\":\"2019-04-10T08:55:42+00:00\",\"dateModified\":\"2020-11-22T23:19:16+00:00\",\"breadcrumb\":{\"@id\":\"https:\/\/tkd.ee\/itf\/et\/2019\/04\/10\/eesti-sportlased-toid-euroopa-meistrivoistlustelt-taekwondos-kaks-kuldmedalit\/#breadcrumb\"},\"inLanguage\":\"et\",\"potentialAction\":[{\"@type\":\"ReadAction\",\"target\":[\"https:\/\/tkd.ee\/itf\/et\/2019\/04\/10\/eesti-sportlased-toid-euroopa-meistrivoistlustelt-taekwondos-kaks-kuldmedalit\/\"]}]},{\"@type\":\"ImageObject\",\"inLanguage\":\"et\",\"@id\":\"https:\/\/tkd.ee\/itf\/et\/2019\/04\/10\/eesti-sportlased-toid-euroopa-meistrivoistlustelt-taekwondos-kaks-kuldmedalit\/#primaryimage\",\"url\":\"https:\/\/tkd.ee\/itf\/wp-content\/uploads\/2019\/04\/Taekwondo-EM-2019.jpg\",\"contentUrl\":\"https:\/\/tkd.ee\/itf\/wp-content\/uploads\/2019\/04\/Taekwondo-EM-2019.jpg\",\"width\":4032,\"height\":3024},{\"@type\":\"BreadcrumbList\",\"@id\":\"https:\/\/tkd.ee\/itf\/et\/2019\/04\/10\/eesti-sportlased-toid-euroopa-meistrivoistlustelt-taekwondos-kaks-kuldmedalit\/#breadcrumb\",\"itemListElement\":[{\"@type\":\"ListItem\",\"position\":1,\"name\":\"Home\",\"item\":\"https:\/\/tkd.ee\/itf\/et\/\"},{\"@type\":\"ListItem\",\"position\":2,\"name\":\"Eesti sportlased t\u00f5id Euroopa meistriv\u00f5istlustelt taekwondos kaks kuldmedalit\"}]},{\"@type\":\"WebSite\",\"@id\":\"https:\/\/tkd.ee\/itf\/#website\",\"url\":\"https:\/\/tkd.ee\/itf\/\",\"name\":\"EESTI TAEKWONDO LIIT\",\"description\":\"Balanced development and fair play\",\"publisher\":{\"@id\":\"https:\/\/tkd.ee\/itf\/#organization\"},\"potentialAction\":[{\"@type\":\"SearchAction\",\"target\":{\"@type\":\"EntryPoint\",\"urlTemplate\":\"https:\/\/tkd.ee\/itf\/?s={search_term_string}\"},\"query-input\":{\"@type\":\"PropertyValueSpecification\",\"valueRequired\":true,\"valueName\":\"search_term_string\"}}],\"inLanguage\":\"et\"},{\"@type\":\"Organization\",\"@id\":\"https:\/\/tkd.ee\/itf\/#organization\",\"name\":\"Eesti Taekwondo Liit\",\"url\":\"https:\/\/tkd.ee\/itf\/\",\"logo\":{\"@type\":\"ImageObject\",\"inLanguage\":\"et\",\"@id\":\"https:\/\/tkd.ee\/itf\/#\/schema\/logo\/image\/\",\"url\":\"https:\/\/tkd.ee\/itf\/wp-content\/uploads\/2020\/11\/itf-logo-1.png\",\"contentUrl\":\"https:\/\/tkd.ee\/itf\/wp-content\/uploads\/2020\/11\/itf-logo-1.png\",\"width\":540,\"height\":540,\"caption\":\"Eesti Taekwondo Liit\"},\"image\":{\"@id\":\"https:\/\/tkd.ee\/itf\/#\/schema\/logo\/image\/\"}},{\"@type\":\"Person\",\"@id\":\"https:\/\/tkd.ee\/itf\/#\/schema\/person\/6d215b835c47de4d30c72da9649f398b\",\"name\":\"skrasii\",\"image\":{\"@type\":\"ImageObject\",\"inLanguage\":\"et\",\"@id\":\"https:\/\/tkd.ee\/itf\/#\/schema\/person\/image\/\",\"url\":\"https:\/\/secure.gravatar.com\/avatar\/b9ff787bf8eda8c46b4cdab13cbcb356?s=96&d=mm&r=g\",\"contentUrl\":\"https:\/\/secure.gravatar.com\/avatar\/b9ff787bf8eda8c46b4cdab13cbcb356?s=96&d=mm&r=g\",\"caption\":\"skrasii\"},\"url\":\"https:\/\/tkd.ee\/itf\/author\/skrasii\/\"}]}<\/script>\n<!-- \/ Yoast SEO plugin. -->","yoast_head_json":{"title":"Eesti sportlased t\u00f5id Euroopa meistriv\u00f5istlustelt taekwondos kaks kuldmedalit - EESTI TAEKWONDO LIIT","robots":{"index":"index","follow":"follow","max-snippet":"max-snippet:-1","max-image-preview":"max-image-preview:large","max-video-preview":"max-video-preview:-1"},"canonical":"https:\/\/tkd.ee\/itf\/et\/2019\/04\/10\/eesti-sportlased-toid-euroopa-meistrivoistlustelt-taekwondos-kaks-kuldmedalit\/","og_locale":"et_EE","og_type":"article","og_title":"Eesti sportlased t\u00f5id Euroopa meistriv\u00f5istlustelt taekwondos kaks kuldmedalit - EESTI TAEKWONDO LIIT","og_description":"T\u00e4na \u00f6\u00f6sel Itaalias Riminis toimunud Euroopa meistriv\u00f5istlustelt taekwondos koju j\u00f5udnud Eesti koondislased t\u00f5id endaga kaasa 9 medalit \u2013 2 kulda ja 7 pronksi. 3.-8. aprillini toimunud taekwondo ITF turniiril osales enam kui 800 sportlast 30st riigist. Euroopa meistriks tuli Tallinna","og_url":"https:\/\/tkd.ee\/itf\/et\/2019\/04\/10\/eesti-sportlased-toid-euroopa-meistrivoistlustelt-taekwondos-kaks-kuldmedalit\/","og_site_name":"EESTI TAEKWONDO LIIT","article_published_time":"2019-04-10T08:55:42+00:00","article_modified_time":"2020-11-22T23:19:16+00:00","og_image":[{"width":1024,"height":768,"url":"https:\/\/tkd.ee\/itf\/wp-content\/uploads\/2019\/04\/Taekwondo-EM-2019-1024x768.jpg","type":"image\/jpeg"}],"author":"skrasii","twitter_card":"summary_large_image","twitter_misc":{"Written by":"skrasii","Est. reading time":"1 minut"},"schema":{"@context":"https:\/\/schema.org","@graph":[{"@type":"Article","@id":"https:\/\/tkd.ee\/itf\/et\/2019\/04\/10\/eesti-sportlased-toid-euroopa-meistrivoistlustelt-taekwondos-kaks-kuldmedalit\/#article","isPartOf":{"@id":"https:\/\/tkd.ee\/itf\/et\/2019\/04\/10\/eesti-sportlased-toid-euroopa-meistrivoistlustelt-taekwondos-kaks-kuldmedalit\/"},"author":{"name":"skrasii","@id":"https:\/\/tkd.ee\/itf\/#\/schema\/person\/6d215b835c47de4d30c72da9649f398b"},"headline":"Eesti sportlased t\u00f5id Euroopa meistriv\u00f5istlustelt taekwondos kaks kuldmedalit","datePublished":"2019-04-10T08:55:42+00:00","dateModified":"2020-11-22T23:19:16+00:00","mainEntityOfPage":{"@id":"https:\/\/tkd.ee\/itf\/et\/2019\/04\/10\/eesti-sportlased-toid-euroopa-meistrivoistlustelt-taekwondos-kaks-kuldmedalit\/"},"wordCount":251,"publisher":{"@id":"https:\/\/tkd.ee\/itf\/#organization"},"image":{"@id":"https:\/\/tkd.ee\/itf\/et\/2019\/04\/10\/eesti-sportlased-toid-euroopa-meistrivoistlustelt-taekwondos-kaks-kuldmedalit\/#primaryimage"},"thumbnailUrl":"https:\/\/tkd.ee\/itf\/wp-content\/uploads\/2019\/04\/Taekwondo-EM-2019.jpg","articleSection":["Uudised"],"inLanguage":"et"},{"@type":"WebPage","@id":"https:\/\/tkd.ee\/itf\/et\/2019\/04\/10\/eesti-sportlased-toid-euroopa-meistrivoistlustelt-taekwondos-kaks-kuldmedalit\/","url":"https:\/\/tkd.ee\/itf\/et\/2019\/04\/10\/eesti-sportlased-toid-euroopa-meistrivoistlustelt-taekwondos-kaks-kuldmedalit\/","name":"Eesti sportlased t\u00f5id Euroopa meistriv\u00f5istlustelt taekwondos kaks kuldmedalit - EESTI TAEKWONDO LIIT","isPartOf":{"@id":"https:\/\/tkd.ee\/itf\/#website"},"primaryImageOfPage":{"@id":"https:\/\/tkd.ee\/itf\/et\/2019\/04\/10\/eesti-sportlased-toid-euroopa-meistrivoistlustelt-taekwondos-kaks-kuldmedalit\/#primaryimage"},"image":{"@id":"https:\/\/tkd.ee\/itf\/et\/2019\/04\/10\/eesti-sportlased-toid-euroopa-meistrivoistlustelt-taekwondos-kaks-kuldmedalit\/#primaryimage"},"thumbnailUrl":"https:\/\/tkd.ee\/itf\/wp-content\/uploads\/2019\/04\/Taekwondo-EM-2019.jpg","datePublished":"2019-04-10T08:55:42+00:00","dateModified":"2020-11-22T23:19:16+00:00","breadcrumb":{"@id":"https:\/\/tkd.ee\/itf\/et\/2019\/04\/10\/eesti-sportlased-toid-euroopa-meistrivoistlustelt-taekwondos-kaks-kuldmedalit\/#breadcrumb"},"inLanguage":"et","potentialAction":[{"@type":"ReadAction","target":["https:\/\/tkd.ee\/itf\/et\/2019\/04\/10\/eesti-sportlased-toid-euroopa-meistrivoistlustelt-taekwondos-kaks-kuldmedalit\/"]}]},{"@type":"ImageObject","inLanguage":"et","@id":"https:\/\/tkd.ee\/itf\/et\/2019\/04\/10\/eesti-sportlased-toid-euroopa-meistrivoistlustelt-taekwondos-kaks-kuldmedalit\/#primaryimage","url":"https:\/\/tkd.ee\/itf\/wp-content\/uploads\/2019\/04\/Taekwondo-EM-2019.jpg","contentUrl":"https:\/\/tkd.ee\/itf\/wp-content\/uploads\/2019\/04\/Taekwondo-EM-2019.jpg","width":4032,"height":3024},{"@type":"BreadcrumbList","@id":"https:\/\/tkd.ee\/itf\/et\/2019\/04\/10\/eesti-sportlased-toid-euroopa-meistrivoistlustelt-taekwondos-kaks-kuldmedalit\/#breadcrumb","itemListElement":[{"@type":"ListItem","position":1,"name":"Home","item":"https:\/\/tkd.ee\/itf\/et\/"},{"@type":"ListItem","position":2,"name":"Eesti sportlased t\u00f5id Euroopa meistriv\u00f5istlustelt taekwondos kaks kuldmedalit"}]},{"@type":"WebSite","@id":"https:\/\/tkd.ee\/itf\/#website","url":"https:\/\/tkd.ee\/itf\/","name":"EESTI TAEKWONDO LIIT","description":"Balanced development and fair play","publisher":{"@id":"https:\/\/tkd.ee\/itf\/#organization"},"potentialAction":[{"@type":"SearchAction","target":{"@type":"EntryPoint","urlTemplate":"https:\/\/tkd.ee\/itf\/?s={search_term_string}"},"query-input":{"@type":"PropertyValueSpecification","valueRequired":true,"valueName":"search_term_string"}}],"inLanguage":"et"},{"@type":"Organization","@id":"https:\/\/tkd.ee\/itf\/#organization","name":"Eesti Taekwondo Liit","url":"https:\/\/tkd.ee\/itf\/","logo":{"@type":"ImageObject","inLanguage":"et","@id":"https:\/\/tkd.ee\/itf\/#\/schema\/logo\/image\/","url":"https:\/\/tkd.ee\/itf\/wp-content\/uploads\/2020\/11\/itf-logo-1.png","contentUrl":"https:\/\/tkd.ee\/itf\/wp-content\/uploads\/2020\/11\/itf-logo-1.png","width":540,"height":540,"caption":"Eesti Taekwondo Liit"},"image":{"@id":"https:\/\/tkd.ee\/itf\/#\/schema\/logo\/image\/"}},{"@type":"Person","@id":"https:\/\/tkd.ee\/itf\/#\/schema\/person\/6d215b835c47de4d30c72da9649f398b","name":"skrasii","image":{"@type":"ImageObject","inLanguage":"et","@id":"https:\/\/tkd.ee\/itf\/#\/schema\/person\/image\/","url":"https:\/\/secure.gravatar.com\/avatar\/b9ff787bf8eda8c46b4cdab13cbcb356?s=96&d=mm&r=g","contentUrl":"https:\/\/secure.gravatar.com\/avatar\/b9ff787bf8eda8c46b4cdab13cbcb356?s=96&d=mm&r=g","caption":"skrasii"},"url":"https:\/\/tkd.ee\/itf\/author\/skrasii\/"}]}},"builder_content":"<p><strong>T\u00e4na \u00f6\u00f6sel Itaalias Riminis toimunud Euroopa meistriv\u00f5istlustelt taekwondos koju j\u00f5udnud Eesti koondislased t\u00f5id endaga kaasa 9 medalit \u2013 2 kulda ja 7 pronksi. 3.-8. aprillini toimunud taekwondo ITF turniiril osales enam kui 800 sportlast 30st riigist.<\/strong><\/p><p>Euroopa meistriks tuli Tallinna spordikooli esindaja <strong>Aleksandra Andrejeva<\/strong>, kes v\u00f5itis kuldmedali sparringus kuni 40 kg kaaluvate 14-15 aastaste juunioride kategoorias! Teise kulla v\u00f5itis Eestile <strong>Kamilla Velikopolje<\/strong> (juuniorid 16-17, kuni 52 kg), kes sai selle v\u00e4giteoga kahekordne Euroopa meister!<\/p><p>\u201eSee on erakordselt r\u00f5\u00f5mustav \u2013 tulla vastu meeskonnale, kes n\u00e4itas nii h\u00e4id tulemusi! See tulemus tugevdab kindlasti meie sportlaste eneseusku ning toob endaga uusi saavutusi,\u201c \u00fctles Eesti Taekwondo Liidu president <strong>Mihhail K\u00f5lvart<\/strong>. \u201eTulemuslik EM n\u00e4itas taas, et Eesti koondises on kogenud sportlaste k\u00f5rval v\u00e4ga palju andekaid noori.\u201c<\/p><p>\u201eK\u00f5ik meie sportlased esinesid v\u00e4ga v\u00e4\u00e4rikalt \u2013 \u00fcheksa medalit EMilt on v\u00e4ga hea n\u00e4itaja! Samuti on hea teada, et meeskond on k\u00f5rgelt motiveeritud ja valmis vallutama maailma k\u00f5rgusi,\u201c s\u00f5nas Eesti taekwondo koondise juhendaja <strong>Kazbulat \u0160ogenov<\/strong>. \u201eEes ongi ootamas maailmameistriv\u00f5istlused, mis toimuvad augustis Bulgaarias.\u201c<\/p><p><u>Pronksmedalid t\u00f5id EMilt koju:<\/u><\/p><p><strong>Anastassia Boiko<\/strong> \u2013 sparring kadettidele 11-13 aastat absoluutses kaalukategoorias 55+<\/p><p><strong>Erika Lavrov<\/strong> \u2013 juunior 14 -15 aastat kategoorias sparring kuni 45 kg<\/p><p><strong>Anette Russ<\/strong> \u2013 juunior 16-17 aastat kategoorias sparring kuni 58 kg<\/p><p><strong>Vladislav \u017darov<\/strong> \u2013 t\u00e4iskasvanud kategoorias sparring kuni 78 kg<\/p><p><strong>Vladislav I\u0161t\u0161ik<\/strong> \u2013 t\u00e4iskasvanud kategoorias sparring kuni 85 kg<\/p><p><strong>Inga Palu<\/strong> \u2013 t\u00e4iskasvanud, kategoorias sparring kuni 62 kg<\/p><p><strong>Alan Senkel<\/strong> \u2013 veteran, kategoorias sparring 90+ kg.<\/p>\n<img src=\"https:\/\/tkd.ee\/itf\/wp-content\/uploads\/2019\/04\/Taekwondo-EM-2019.jpg\" title=\"Taekwondo EM 2019\" alt=\"Taekwondo EM 2019\" srcset=\"https:\/\/tkd.ee\/itf\/wp-content\/uploads\/2019\/04\/Taekwondo-EM-2019.jpg 4032w, https:\/\/tkd.ee\/itf\/wp-content\/uploads\/2019\/04\/Taekwondo-EM-2019-300x225.jpg 300w, https:\/\/tkd.ee\/itf\/wp-content\/uploads\/2019\/04\/Taekwondo-EM-2019-768x576.jpg 768w, https:\/\/tkd.ee\/itf\/wp-content\/uploads\/2019\/04\/Taekwondo-EM-2019-1024x768.jpg 1024w, https:\/\/tkd.ee\/itf\/wp-content\/uploads\/2019\/04\/Taekwondo-EM-2019-1024x768-213x160.jpg 213w\" sizes=\"(max-width: 4032px) 100vw, 4032px\" \/>","_links":{"self":[{"href":"https:\/\/tkd.ee\/itf\/wp-json\/wp\/v2\/posts\/3792"}],"collection":[{"href":"https:\/\/tkd.ee\/itf\/wp-json\/wp\/v2\/posts"}],"about":[{"href":"https:\/\/tkd.ee\/itf\/wp-json\/wp\/v2\/types\/post"}],"author":[{"embeddable":true,"href":"https:\/\/tkd.ee\/itf\/wp-json\/wp\/v2\/users\/1"}],"replies":[{"embeddable":true,"href":"https:\/\/tkd.ee\/itf\/wp-json\/wp\/v2\/comments?post=3792"}],"version-history":[{"count":2,"href":"https:\/\/tkd.ee\/itf\/wp-json\/wp\/v2\/posts\/3792\/revisions"}],"predecessor-version":[{"id":3799,"href":"https:\/\/tkd.ee\/itf\/wp-json\/wp\/v2\/posts\/3792\/revisions\/3799"}],"wp:featuredmedia":[{"embeddable":true,"href":"https:\/\/tkd.ee\/itf\/wp-json\/wp\/v2\/media\/3790"}],"wp:attachment":[{"href":"https:\/\/tkd.ee\/itf\/wp-json\/wp\/v2\/media?parent=3792"}],"wp:term":[{"taxonomy":"category","embeddable":true,"href":"https:\/\/tkd.ee\/itf\/wp-json\/wp\/v2\/categories?post=3792"},{"taxonomy":"post_tag","embeddable":true,"href":"https:\/\/tkd.ee\/itf\/wp-json\/wp\/v2\/tags?post=3792"}],"curies":[{"name":"wp","href":"https:\/\/api.w.org\/{rel}","templated":true}]}}