{"id":3914,"date":"2019-09-03T19:30:51","date_gmt":"2019-09-03T16:30:51","guid":{"rendered":"http:\/\/tkd.ee\/itf\/?p=3914"},"modified":"2020-11-23T05:39:24","modified_gmt":"2020-11-23T02:39:24","slug":"eesti-sportlane-toi-kulla-taekwondo-mmlt","status":"publish","type":"post","link":"https:\/\/tkd.ee\/itf\/et\/2019\/09\/03\/eesti-sportlane-toi-kulla-taekwondo-mmlt\/","title":{"rendered":"Eesti sportlane t\u00f5i kulla taekwondo MM\u2019lt"},"content":{"rendered":"<!--themify_builder_content-->\n<div id=\"themify_builder_content-3914\" data-postid=\"3914\" class=\"themify_builder_content themify_builder_content-3914 themify_builder tf_clear\">\n                    <div  data-lazy=\"1\" class=\"module_row themify_builder_row tb_7n07633 tb_first tf_w\">\n                        <div class=\"row_inner col_align_top tb_col_count_2 tf_box tf_rel\">\n                        <div  data-lazy=\"1\" class=\"module_column tb-column col4-2  tb_cgby803 first\">\n                    <!-- module text -->\n<div  class=\"module module-text tb_597m118   \" data-lazy=\"1\">\n        <div  class=\"tb_text_wrap\">\n        <p>T\u00e4na \u00f6\u00f6sel naasis Eesti meeskond kodumaale Bulgaaria Provdivis 23.\u201331. augustil toimuvatelt XXI taekwondo maailmameistriv\u00f5istlustelt. Meie koondise arvel on neli medalit: \u00fcks kuld, \u00fcks h\u00f5be ja kaks pronksi.<\/p><p>Eesti h\u00fcmn k\u00f5las noore maailmameistri Aleksandra Andrejeva v\u00f5idu auks. T\u00e4navu sai maailmameistriks meie koondise peatreeneri Kazbulat \u0160ogenovi \u00f5pilane, kehtiv Euroopa meister ja Tallinna spordikooli sportlane Aleksandra Andrejeva. Ta osutus parimaks individuaalses sparringus kergeimas kaalus kuni 40 kg 14-15aastaste juunioride seas ja t\u00f5i Eestile riigi teise ajaloolise kuldse medali maailmameistriv\u00f5istlustelt taekwondo alas. Tuletame meelde, et eelmisel aastal t\u00f5usis esmakordselt pjedestaali k\u00f5rgeimale astmele Anni Ermel. \u201eAleksandra spordikarj\u00e4\u00e4ri intensiivse arengu taustal see v\u00f5it on meeldiv, kuid oodatav. Alles aprillis Itaalia Riminis sai tema Euroopa meistriks samas kategoorias\u201c, kommenteeris Kazbulat \u0160ogenov.<\/p><p>H\u00f5beda 16\u201317aastaste juunioride seas individuaalses sparringus kuni 58 v\u00f5itis Anette Russ, kes treenib Robert Trofimovi juhendamisel P\u00e4rnus. Veel \u00fcks Trofimovi \u00f5pilane, juunior Aleksand Savt\u0161uk lisas koondise arvele pronksmedali individuaalses sparringus absoluutses kaalukategoorias 70+ kg vanuse r\u00fchmas 14\u201315 aastat vana.<\/p><p>Teise pronksi v\u00f5itis t\u00e4iskasvanute arvestuses Igor Aleksandrovi \u00f5pilane Sillam\u00e4elt Inga Palu, kes saavutas selle tulemuse individuaalses sparringus kaalukategoorias kuni 62 kg.<\/p><p>\u00a0\u201eSee on erakordselt r\u00f5\u00f5mustav \u2013 tulla vastu meeskonnale, kes n\u00e4itas nii h\u00e4id tulemusi! See tulemus tugevdab kindlasti meie sportlaste eneseusku ning toob endaga uusi saavutusi,\u201c \u00fctles Eesti Taekwondo Liidu president\u00a0Mihhail K\u00f5lvart.\u00a0\u201eTulemuslik MM n\u00e4itas taas, et Eesti koondises on kogenud sportlaste k\u00f5rval v\u00e4ga palju andekaid noori.\u201c<\/p>    <\/div>\n<\/div>\n<!-- \/module text -->        <\/div>\n                    <div  data-lazy=\"1\" class=\"module_column tb-column col4-2  tb_4fdj088 last\">\n                    <!-- module image -->\n<div  class=\"module module-image tb_gf6c680 image-top    tf_mw\" data-lazy=\"1\">\n        <div class=\"image-wrap tf_rel tf_mw\">\n            <img loading=\"lazy\" decoding=\"async\" width=\"720\" height=\"960\" src=\"https:\/\/tkd.ee\/itf\/wp-content\/uploads\/2019\/09\/69318074_1638847946246141_8307869783135617024_n.jpg\" class=\"wp-post-image wp-image-3916\" title=\"69318074_1638847946246141_8307869783135617024_n\" alt=\"69318074_1638847946246141_8307869783135617024_n\" srcset=\"https:\/\/tkd.ee\/itf\/wp-content\/uploads\/2019\/09\/69318074_1638847946246141_8307869783135617024_n.jpg 720w, https:\/\/tkd.ee\/itf\/wp-content\/uploads\/2019\/09\/69318074_1638847946246141_8307869783135617024_n-225x300.jpg 225w\" sizes=\"(max-width: 720px) 100vw, 720px\" \/>    \n        <\/div>\n    <!-- \/image-wrap -->\n    \n        <\/div>\n<!-- \/module image --><!-- module image -->\n<div  class=\"module module-image tb_fp51888 image-top    tf_mw\" data-lazy=\"1\">\n        <div class=\"image-wrap tf_rel tf_mw\">\n            <img loading=\"lazy\" decoding=\"async\" width=\"2035\" height=\"1494\" src=\"https:\/\/tkd.ee\/itf\/wp-content\/uploads\/2019\/09\/69444288_2386094678094849_877564451111305216_o-1.jpg\" class=\"wp-post-image wp-image-3917\" title=\"69444288_2386094678094849_877564451111305216_o-1\" alt=\"69444288_2386094678094849_877564451111305216_o-1\" srcset=\"https:\/\/tkd.ee\/itf\/wp-content\/uploads\/2019\/09\/69444288_2386094678094849_877564451111305216_o-1.jpg 2035w, https:\/\/tkd.ee\/itf\/wp-content\/uploads\/2019\/09\/69444288_2386094678094849_877564451111305216_o-1-300x220.jpg 300w, https:\/\/tkd.ee\/itf\/wp-content\/uploads\/2019\/09\/69444288_2386094678094849_877564451111305216_o-1-768x564.jpg 768w, https:\/\/tkd.ee\/itf\/wp-content\/uploads\/2019\/09\/69444288_2386094678094849_877564451111305216_o-1-1024x752.jpg 1024w\" sizes=\"(max-width: 2035px) 100vw, 2035px\" \/>    \n        <\/div>\n    <!-- \/image-wrap -->\n    \n        <\/div>\n<!-- \/module image --><!-- module image -->\n<div  class=\"module module-image tb_c9mf001 image-top    tf_mw\" data-lazy=\"1\">\n        <div class=\"image-wrap tf_rel tf_mw\">\n            <img loading=\"lazy\" decoding=\"async\" width=\"960\" height=\"638\" src=\"https:\/\/tkd.ee\/itf\/wp-content\/uploads\/2019\/09\/69892975_2388226997881617_402493922317697024_n.jpg\" class=\"wp-post-image wp-image-3915\" title=\"69892975_2388226997881617_402493922317697024_n\" alt=\"69892975_2388226997881617_402493922317697024_n\" srcset=\"https:\/\/tkd.ee\/itf\/wp-content\/uploads\/2019\/09\/69892975_2388226997881617_402493922317697024_n.jpg 960w, https:\/\/tkd.ee\/itf\/wp-content\/uploads\/2019\/09\/69892975_2388226997881617_402493922317697024_n-300x200.jpg 300w, https:\/\/tkd.ee\/itf\/wp-content\/uploads\/2019\/09\/69892975_2388226997881617_402493922317697024_n-768x510.jpg 768w, https:\/\/tkd.ee\/itf\/wp-content\/uploads\/2019\/09\/69892975_2388226997881617_402493922317697024_n-240x160.jpg 240w\" sizes=\"(max-width: 960px) 100vw, 960px\" \/>    \n        <\/div>\n    <!-- \/image-wrap -->\n    \n        <\/div>\n<!-- \/module image -->        <\/div>\n                        <\/div>\n        <\/div>\n        <\/div>\n<!--\/themify_builder_content-->","protected":false},"excerpt":{"rendered":"<p>T\u00e4na \u00f6\u00f6sel naasis Eesti meeskond kodumaale Bulgaaria Provdivis 23.\u201331. augustil toimuvatelt XXI taekwondo maailmameistriv\u00f5istlustelt. Meie koondise arvel on neli medalit: \u00fcks kuld, \u00fcks h\u00f5be ja kaks pronksi. Eesti h\u00fcmn k\u00f5las noore maailmameistri Aleksandra Andrejeva v\u00f5idu auks. T\u00e4navu sai maailmameistriks meie<\/p>\n","protected":false},"author":1,"featured_media":3915,"comment_status":"closed","ping_status":"closed","sticky":false,"template":"","format":"standard","meta":{"footnotes":""},"categories":[39],"tags":[],"class_list":["post-3914","post","type-post","status-publish","format-standard","has-post-thumbnail","hentry","category-uudised"],"yoast_head":"<!-- This site is optimized with the Yoast SEO plugin v24.1 - https:\/\/yoast.com\/wordpress\/plugins\/seo\/ -->\n<title>Eesti sportlane t\u00f5i kulla taekwondo MM\u2019lt - EESTI TAEKWONDO LIIT<\/title>\n<meta name=\"robots\" content=\"index, follow, max-snippet:-1, max-image-preview:large, max-video-preview:-1\" \/>\n<link rel=\"canonical\" href=\"https:\/\/tkd.ee\/itf\/et\/2019\/09\/03\/eesti-sportlane-toi-kulla-taekwondo-mmlt\/\" \/>\n<meta property=\"og:locale\" content=\"et_EE\" \/>\n<meta property=\"og:type\" content=\"article\" \/>\n<meta property=\"og:title\" content=\"Eesti sportlane t\u00f5i kulla taekwondo MM\u2019lt - EESTI TAEKWONDO LIIT\" \/>\n<meta property=\"og:description\" content=\"T\u00e4na \u00f6\u00f6sel naasis Eesti meeskond kodumaale Bulgaaria Provdivis 23.\u201331. augustil toimuvatelt XXI taekwondo maailmameistriv\u00f5istlustelt. Meie koondise arvel on neli medalit: \u00fcks kuld, \u00fcks h\u00f5be ja kaks pronksi. Eesti h\u00fcmn k\u00f5las noore maailmameistri Aleksandra Andrejeva v\u00f5idu auks. T\u00e4navu sai maailmameistriks meie\" \/>\n<meta property=\"og:url\" content=\"https:\/\/tkd.ee\/itf\/et\/2019\/09\/03\/eesti-sportlane-toi-kulla-taekwondo-mmlt\/\" \/>\n<meta property=\"og:site_name\" content=\"EESTI TAEKWONDO LIIT\" \/>\n<meta property=\"article:published_time\" content=\"2019-09-03T16:30:51+00:00\" \/>\n<meta property=\"article:modified_time\" content=\"2020-11-23T02:39:24+00:00\" \/>\n<meta property=\"og:image\" content=\"https:\/\/tkd.ee\/itf\/wp-content\/uploads\/2019\/09\/69892975_2388226997881617_402493922317697024_n.jpg\" \/>\n\t<meta property=\"og:image:width\" content=\"960\" \/>\n\t<meta property=\"og:image:height\" content=\"638\" \/>\n\t<meta property=\"og:image:type\" content=\"image\/jpeg\" \/>\n<meta name=\"author\" content=\"skrasii\" \/>\n<meta name=\"twitter:card\" content=\"summary_large_image\" \/>\n<meta name=\"twitter:label1\" content=\"Written by\" \/>\n\t<meta name=\"twitter:data1\" content=\"skrasii\" \/>\n\t<meta name=\"twitter:label2\" content=\"Est. reading time\" \/>\n\t<meta name=\"twitter:data2\" content=\"1 minut\" \/>\n<script type=\"application\/ld+json\" class=\"yoast-schema-graph\">{\"@context\":\"https:\/\/schema.org\",\"@graph\":[{\"@type\":\"Article\",\"@id\":\"https:\/\/tkd.ee\/itf\/et\/2019\/09\/03\/eesti-sportlane-toi-kulla-taekwondo-mmlt\/#article\",\"isPartOf\":{\"@id\":\"https:\/\/tkd.ee\/itf\/et\/2019\/09\/03\/eesti-sportlane-toi-kulla-taekwondo-mmlt\/\"},\"author\":{\"name\":\"skrasii\",\"@id\":\"https:\/\/tkd.ee\/itf\/#\/schema\/person\/6d215b835c47de4d30c72da9649f398b\"},\"headline\":\"Eesti sportlane t\u00f5i kulla taekwondo MM\u2019lt\",\"datePublished\":\"2019-09-03T16:30:51+00:00\",\"dateModified\":\"2020-11-23T02:39:24+00:00\",\"mainEntityOfPage\":{\"@id\":\"https:\/\/tkd.ee\/itf\/et\/2019\/09\/03\/eesti-sportlane-toi-kulla-taekwondo-mmlt\/\"},\"wordCount\":251,\"publisher\":{\"@id\":\"https:\/\/tkd.ee\/itf\/#organization\"},\"image\":{\"@id\":\"https:\/\/tkd.ee\/itf\/et\/2019\/09\/03\/eesti-sportlane-toi-kulla-taekwondo-mmlt\/#primaryimage\"},\"thumbnailUrl\":\"https:\/\/tkd.ee\/itf\/wp-content\/uploads\/2019\/09\/69892975_2388226997881617_402493922317697024_n.jpg\",\"articleSection\":[\"Uudised\"],\"inLanguage\":\"et\"},{\"@type\":\"WebPage\",\"@id\":\"https:\/\/tkd.ee\/itf\/et\/2019\/09\/03\/eesti-sportlane-toi-kulla-taekwondo-mmlt\/\",\"url\":\"https:\/\/tkd.ee\/itf\/et\/2019\/09\/03\/eesti-sportlane-toi-kulla-taekwondo-mmlt\/\",\"name\":\"Eesti sportlane t\u00f5i kulla taekwondo MM\u2019lt - EESTI TAEKWONDO LIIT\",\"isPartOf\":{\"@id\":\"https:\/\/tkd.ee\/itf\/#website\"},\"primaryImageOfPage\":{\"@id\":\"https:\/\/tkd.ee\/itf\/et\/2019\/09\/03\/eesti-sportlane-toi-kulla-taekwondo-mmlt\/#primaryimage\"},\"image\":{\"@id\":\"https:\/\/tkd.ee\/itf\/et\/2019\/09\/03\/eesti-sportlane-toi-kulla-taekwondo-mmlt\/#primaryimage\"},\"thumbnailUrl\":\"https:\/\/tkd.ee\/itf\/wp-content\/uploads\/2019\/09\/69892975_2388226997881617_402493922317697024_n.jpg\",\"datePublished\":\"2019-09-03T16:30:51+00:00\",\"dateModified\":\"2020-11-23T02:39:24+00:00\",\"breadcrumb\":{\"@id\":\"https:\/\/tkd.ee\/itf\/et\/2019\/09\/03\/eesti-sportlane-toi-kulla-taekwondo-mmlt\/#breadcrumb\"},\"inLanguage\":\"et\",\"potentialAction\":[{\"@type\":\"ReadAction\",\"target\":[\"https:\/\/tkd.ee\/itf\/et\/2019\/09\/03\/eesti-sportlane-toi-kulla-taekwondo-mmlt\/\"]}]},{\"@type\":\"ImageObject\",\"inLanguage\":\"et\",\"@id\":\"https:\/\/tkd.ee\/itf\/et\/2019\/09\/03\/eesti-sportlane-toi-kulla-taekwondo-mmlt\/#primaryimage\",\"url\":\"https:\/\/tkd.ee\/itf\/wp-content\/uploads\/2019\/09\/69892975_2388226997881617_402493922317697024_n.jpg\",\"contentUrl\":\"https:\/\/tkd.ee\/itf\/wp-content\/uploads\/2019\/09\/69892975_2388226997881617_402493922317697024_n.jpg\",\"width\":960,\"height\":638},{\"@type\":\"BreadcrumbList\",\"@id\":\"https:\/\/tkd.ee\/itf\/et\/2019\/09\/03\/eesti-sportlane-toi-kulla-taekwondo-mmlt\/#breadcrumb\",\"itemListElement\":[{\"@type\":\"ListItem\",\"position\":1,\"name\":\"Home\",\"item\":\"https:\/\/tkd.ee\/itf\/et\/\"},{\"@type\":\"ListItem\",\"position\":2,\"name\":\"Eesti sportlane t\u00f5i kulla taekwondo MM\u2019lt\"}]},{\"@type\":\"WebSite\",\"@id\":\"https:\/\/tkd.ee\/itf\/#website\",\"url\":\"https:\/\/tkd.ee\/itf\/\",\"name\":\"EESTI TAEKWONDO LIIT\",\"description\":\"Balanced development and fair play\",\"publisher\":{\"@id\":\"https:\/\/tkd.ee\/itf\/#organization\"},\"potentialAction\":[{\"@type\":\"SearchAction\",\"target\":{\"@type\":\"EntryPoint\",\"urlTemplate\":\"https:\/\/tkd.ee\/itf\/?s={search_term_string}\"},\"query-input\":{\"@type\":\"PropertyValueSpecification\",\"valueRequired\":true,\"valueName\":\"search_term_string\"}}],\"inLanguage\":\"et\"},{\"@type\":\"Organization\",\"@id\":\"https:\/\/tkd.ee\/itf\/#organization\",\"name\":\"Eesti Taekwondo Liit\",\"url\":\"https:\/\/tkd.ee\/itf\/\",\"logo\":{\"@type\":\"ImageObject\",\"inLanguage\":\"et\",\"@id\":\"https:\/\/tkd.ee\/itf\/#\/schema\/logo\/image\/\",\"url\":\"https:\/\/tkd.ee\/itf\/wp-content\/uploads\/2020\/11\/itf-logo-1.png\",\"contentUrl\":\"https:\/\/tkd.ee\/itf\/wp-content\/uploads\/2020\/11\/itf-logo-1.png\",\"width\":540,\"height\":540,\"caption\":\"Eesti Taekwondo Liit\"},\"image\":{\"@id\":\"https:\/\/tkd.ee\/itf\/#\/schema\/logo\/image\/\"}},{\"@type\":\"Person\",\"@id\":\"https:\/\/tkd.ee\/itf\/#\/schema\/person\/6d215b835c47de4d30c72da9649f398b\",\"name\":\"skrasii\",\"image\":{\"@type\":\"ImageObject\",\"inLanguage\":\"et\",\"@id\":\"https:\/\/tkd.ee\/itf\/#\/schema\/person\/image\/\",\"url\":\"https:\/\/secure.gravatar.com\/avatar\/b9ff787bf8eda8c46b4cdab13cbcb356?s=96&d=mm&r=g\",\"contentUrl\":\"https:\/\/secure.gravatar.com\/avatar\/b9ff787bf8eda8c46b4cdab13cbcb356?s=96&d=mm&r=g\",\"caption\":\"skrasii\"},\"url\":\"https:\/\/tkd.ee\/itf\/author\/skrasii\/\"}]}<\/script>\n<!-- \/ Yoast SEO plugin. -->","yoast_head_json":{"title":"Eesti sportlane t\u00f5i kulla taekwondo MM\u2019lt - EESTI TAEKWONDO LIIT","robots":{"index":"index","follow":"follow","max-snippet":"max-snippet:-1","max-image-preview":"max-image-preview:large","max-video-preview":"max-video-preview:-1"},"canonical":"https:\/\/tkd.ee\/itf\/et\/2019\/09\/03\/eesti-sportlane-toi-kulla-taekwondo-mmlt\/","og_locale":"et_EE","og_type":"article","og_title":"Eesti sportlane t\u00f5i kulla taekwondo MM\u2019lt - EESTI TAEKWONDO LIIT","og_description":"T\u00e4na \u00f6\u00f6sel naasis Eesti meeskond kodumaale Bulgaaria Provdivis 23.\u201331. augustil toimuvatelt XXI taekwondo maailmameistriv\u00f5istlustelt. Meie koondise arvel on neli medalit: \u00fcks kuld, \u00fcks h\u00f5be ja kaks pronksi. Eesti h\u00fcmn k\u00f5las noore maailmameistri Aleksandra Andrejeva v\u00f5idu auks. T\u00e4navu sai maailmameistriks meie","og_url":"https:\/\/tkd.ee\/itf\/et\/2019\/09\/03\/eesti-sportlane-toi-kulla-taekwondo-mmlt\/","og_site_name":"EESTI TAEKWONDO LIIT","article_published_time":"2019-09-03T16:30:51+00:00","article_modified_time":"2020-11-23T02:39:24+00:00","og_image":[{"width":960,"height":638,"url":"https:\/\/tkd.ee\/itf\/wp-content\/uploads\/2019\/09\/69892975_2388226997881617_402493922317697024_n.jpg","type":"image\/jpeg"}],"author":"skrasii","twitter_card":"summary_large_image","twitter_misc":{"Written by":"skrasii","Est. reading time":"1 minut"},"schema":{"@context":"https:\/\/schema.org","@graph":[{"@type":"Article","@id":"https:\/\/tkd.ee\/itf\/et\/2019\/09\/03\/eesti-sportlane-toi-kulla-taekwondo-mmlt\/#article","isPartOf":{"@id":"https:\/\/tkd.ee\/itf\/et\/2019\/09\/03\/eesti-sportlane-toi-kulla-taekwondo-mmlt\/"},"author":{"name":"skrasii","@id":"https:\/\/tkd.ee\/itf\/#\/schema\/person\/6d215b835c47de4d30c72da9649f398b"},"headline":"Eesti sportlane t\u00f5i kulla taekwondo MM\u2019lt","datePublished":"2019-09-03T16:30:51+00:00","dateModified":"2020-11-23T02:39:24+00:00","mainEntityOfPage":{"@id":"https:\/\/tkd.ee\/itf\/et\/2019\/09\/03\/eesti-sportlane-toi-kulla-taekwondo-mmlt\/"},"wordCount":251,"publisher":{"@id":"https:\/\/tkd.ee\/itf\/#organization"},"image":{"@id":"https:\/\/tkd.ee\/itf\/et\/2019\/09\/03\/eesti-sportlane-toi-kulla-taekwondo-mmlt\/#primaryimage"},"thumbnailUrl":"https:\/\/tkd.ee\/itf\/wp-content\/uploads\/2019\/09\/69892975_2388226997881617_402493922317697024_n.jpg","articleSection":["Uudised"],"inLanguage":"et"},{"@type":"WebPage","@id":"https:\/\/tkd.ee\/itf\/et\/2019\/09\/03\/eesti-sportlane-toi-kulla-taekwondo-mmlt\/","url":"https:\/\/tkd.ee\/itf\/et\/2019\/09\/03\/eesti-sportlane-toi-kulla-taekwondo-mmlt\/","name":"Eesti sportlane t\u00f5i kulla taekwondo MM\u2019lt - EESTI TAEKWONDO LIIT","isPartOf":{"@id":"https:\/\/tkd.ee\/itf\/#website"},"primaryImageOfPage":{"@id":"https:\/\/tkd.ee\/itf\/et\/2019\/09\/03\/eesti-sportlane-toi-kulla-taekwondo-mmlt\/#primaryimage"},"image":{"@id":"https:\/\/tkd.ee\/itf\/et\/2019\/09\/03\/eesti-sportlane-toi-kulla-taekwondo-mmlt\/#primaryimage"},"thumbnailUrl":"https:\/\/tkd.ee\/itf\/wp-content\/uploads\/2019\/09\/69892975_2388226997881617_402493922317697024_n.jpg","datePublished":"2019-09-03T16:30:51+00:00","dateModified":"2020-11-23T02:39:24+00:00","breadcrumb":{"@id":"https:\/\/tkd.ee\/itf\/et\/2019\/09\/03\/eesti-sportlane-toi-kulla-taekwondo-mmlt\/#breadcrumb"},"inLanguage":"et","potentialAction":[{"@type":"ReadAction","target":["https:\/\/tkd.ee\/itf\/et\/2019\/09\/03\/eesti-sportlane-toi-kulla-taekwondo-mmlt\/"]}]},{"@type":"ImageObject","inLanguage":"et","@id":"https:\/\/tkd.ee\/itf\/et\/2019\/09\/03\/eesti-sportlane-toi-kulla-taekwondo-mmlt\/#primaryimage","url":"https:\/\/tkd.ee\/itf\/wp-content\/uploads\/2019\/09\/69892975_2388226997881617_402493922317697024_n.jpg","contentUrl":"https:\/\/tkd.ee\/itf\/wp-content\/uploads\/2019\/09\/69892975_2388226997881617_402493922317697024_n.jpg","width":960,"height":638},{"@type":"BreadcrumbList","@id":"https:\/\/tkd.ee\/itf\/et\/2019\/09\/03\/eesti-sportlane-toi-kulla-taekwondo-mmlt\/#breadcrumb","itemListElement":[{"@type":"ListItem","position":1,"name":"Home","item":"https:\/\/tkd.ee\/itf\/et\/"},{"@type":"ListItem","position":2,"name":"Eesti sportlane t\u00f5i kulla taekwondo MM\u2019lt"}]},{"@type":"WebSite","@id":"https:\/\/tkd.ee\/itf\/#website","url":"https:\/\/tkd.ee\/itf\/","name":"EESTI TAEKWONDO LIIT","description":"Balanced development and fair play","publisher":{"@id":"https:\/\/tkd.ee\/itf\/#organization"},"potentialAction":[{"@type":"SearchAction","target":{"@type":"EntryPoint","urlTemplate":"https:\/\/tkd.ee\/itf\/?s={search_term_string}"},"query-input":{"@type":"PropertyValueSpecification","valueRequired":true,"valueName":"search_term_string"}}],"inLanguage":"et"},{"@type":"Organization","@id":"https:\/\/tkd.ee\/itf\/#organization","name":"Eesti Taekwondo Liit","url":"https:\/\/tkd.ee\/itf\/","logo":{"@type":"ImageObject","inLanguage":"et","@id":"https:\/\/tkd.ee\/itf\/#\/schema\/logo\/image\/","url":"https:\/\/tkd.ee\/itf\/wp-content\/uploads\/2020\/11\/itf-logo-1.png","contentUrl":"https:\/\/tkd.ee\/itf\/wp-content\/uploads\/2020\/11\/itf-logo-1.png","width":540,"height":540,"caption":"Eesti Taekwondo Liit"},"image":{"@id":"https:\/\/tkd.ee\/itf\/#\/schema\/logo\/image\/"}},{"@type":"Person","@id":"https:\/\/tkd.ee\/itf\/#\/schema\/person\/6d215b835c47de4d30c72da9649f398b","name":"skrasii","image":{"@type":"ImageObject","inLanguage":"et","@id":"https:\/\/tkd.ee\/itf\/#\/schema\/person\/image\/","url":"https:\/\/secure.gravatar.com\/avatar\/b9ff787bf8eda8c46b4cdab13cbcb356?s=96&d=mm&r=g","contentUrl":"https:\/\/secure.gravatar.com\/avatar\/b9ff787bf8eda8c46b4cdab13cbcb356?s=96&d=mm&r=g","caption":"skrasii"},"url":"https:\/\/tkd.ee\/itf\/author\/skrasii\/"}]}},"builder_content":"<p>T\u00e4na \u00f6\u00f6sel naasis Eesti meeskond kodumaale Bulgaaria Provdivis 23.\u201331. augustil toimuvatelt XXI taekwondo maailmameistriv\u00f5istlustelt. Meie koondise arvel on neli medalit: \u00fcks kuld, \u00fcks h\u00f5be ja kaks pronksi.<\/p><p>Eesti h\u00fcmn k\u00f5las noore maailmameistri Aleksandra Andrejeva v\u00f5idu auks. T\u00e4navu sai maailmameistriks meie koondise peatreeneri Kazbulat \u0160ogenovi \u00f5pilane, kehtiv Euroopa meister ja Tallinna spordikooli sportlane Aleksandra Andrejeva. Ta osutus parimaks individuaalses sparringus kergeimas kaalus kuni 40 kg 14-15aastaste juunioride seas ja t\u00f5i Eestile riigi teise ajaloolise kuldse medali maailmameistriv\u00f5istlustelt taekwondo alas. Tuletame meelde, et eelmisel aastal t\u00f5usis esmakordselt pjedestaali k\u00f5rgeimale astmele Anni Ermel. \u201eAleksandra spordikarj\u00e4\u00e4ri intensiivse arengu taustal see v\u00f5it on meeldiv, kuid oodatav. Alles aprillis Itaalia Riminis sai tema Euroopa meistriks samas kategoorias\u201c, kommenteeris Kazbulat \u0160ogenov.<\/p><p>H\u00f5beda 16\u201317aastaste juunioride seas individuaalses sparringus kuni 58 v\u00f5itis Anette Russ, kes treenib Robert Trofimovi juhendamisel P\u00e4rnus. Veel \u00fcks Trofimovi \u00f5pilane, juunior Aleksand Savt\u0161uk lisas koondise arvele pronksmedali individuaalses sparringus absoluutses kaalukategoorias 70+ kg vanuse r\u00fchmas 14\u201315 aastat vana.<\/p><p>Teise pronksi v\u00f5itis t\u00e4iskasvanute arvestuses Igor Aleksandrovi \u00f5pilane Sillam\u00e4elt Inga Palu, kes saavutas selle tulemuse individuaalses sparringus kaalukategoorias kuni 62 kg.<\/p><p>\u00a0\u201eSee on erakordselt r\u00f5\u00f5mustav \u2013 tulla vastu meeskonnale, kes n\u00e4itas nii h\u00e4id tulemusi! See tulemus tugevdab kindlasti meie sportlaste eneseusku ning toob endaga uusi saavutusi,\u201c \u00fctles Eesti Taekwondo Liidu president\u00a0Mihhail K\u00f5lvart.\u00a0\u201eTulemuslik MM n\u00e4itas taas, et Eesti koondises on kogenud sportlaste k\u00f5rval v\u00e4ga palju andekaid noori.\u201c<\/p>\n<img src=\"https:\/\/tkd.ee\/itf\/wp-content\/uploads\/2019\/09\/69318074_1638847946246141_8307869783135617024_n.jpg\" title=\"69318074_1638847946246141_8307869783135617024_n\" alt=\"69318074_1638847946246141_8307869783135617024_n\" srcset=\"https:\/\/tkd.ee\/itf\/wp-content\/uploads\/2019\/09\/69318074_1638847946246141_8307869783135617024_n.jpg 720w, https:\/\/tkd.ee\/itf\/wp-content\/uploads\/2019\/09\/69318074_1638847946246141_8307869783135617024_n-225x300.jpg 225w\" sizes=\"(max-width: 720px) 100vw, 720px\" \/>\n<img src=\"https:\/\/tkd.ee\/itf\/wp-content\/uploads\/2019\/09\/69444288_2386094678094849_877564451111305216_o-1.jpg\" title=\"69444288_2386094678094849_877564451111305216_o-1\" alt=\"69444288_2386094678094849_877564451111305216_o-1\" srcset=\"https:\/\/tkd.ee\/itf\/wp-content\/uploads\/2019\/09\/69444288_2386094678094849_877564451111305216_o-1.jpg 2035w, https:\/\/tkd.ee\/itf\/wp-content\/uploads\/2019\/09\/69444288_2386094678094849_877564451111305216_o-1-300x220.jpg 300w, https:\/\/tkd.ee\/itf\/wp-content\/uploads\/2019\/09\/69444288_2386094678094849_877564451111305216_o-1-768x564.jpg 768w, https:\/\/tkd.ee\/itf\/wp-content\/uploads\/2019\/09\/69444288_2386094678094849_877564451111305216_o-1-1024x752.jpg 1024w\" sizes=\"(max-width: 2035px) 100vw, 2035px\" \/>\n<img src=\"https:\/\/tkd.ee\/itf\/wp-content\/uploads\/2019\/09\/69892975_2388226997881617_402493922317697024_n.jpg\" title=\"69892975_2388226997881617_402493922317697024_n\" alt=\"69892975_2388226997881617_402493922317697024_n\" srcset=\"https:\/\/tkd.ee\/itf\/wp-content\/uploads\/2019\/09\/69892975_2388226997881617_402493922317697024_n.jpg 960w, https:\/\/tkd.ee\/itf\/wp-content\/uploads\/2019\/09\/69892975_2388226997881617_402493922317697024_n-300x200.jpg 300w, https:\/\/tkd.ee\/itf\/wp-content\/uploads\/2019\/09\/69892975_2388226997881617_402493922317697024_n-768x510.jpg 768w, https:\/\/tkd.ee\/itf\/wp-content\/uploads\/2019\/09\/69892975_2388226997881617_402493922317697024_n-240x160.jpg 240w\" sizes=\"(max-width: 960px) 100vw, 960px\" \/>","_links":{"self":[{"href":"https:\/\/tkd.ee\/itf\/wp-json\/wp\/v2\/posts\/3914"}],"collection":[{"href":"https:\/\/tkd.ee\/itf\/wp-json\/wp\/v2\/posts"}],"about":[{"href":"https:\/\/tkd.ee\/itf\/wp-json\/wp\/v2\/types\/post"}],"author":[{"embeddable":true,"href":"https:\/\/tkd.ee\/itf\/wp-json\/wp\/v2\/users\/1"}],"replies":[{"embeddable":true,"href":"https:\/\/tkd.ee\/itf\/wp-json\/wp\/v2\/comments?post=3914"}],"version-history":[{"count":6,"href":"https:\/\/tkd.ee\/itf\/wp-json\/wp\/v2\/posts\/3914\/revisions"}],"predecessor-version":[{"id":3926,"href":"https:\/\/tkd.ee\/itf\/wp-json\/wp\/v2\/posts\/3914\/revisions\/3926"}],"wp:featuredmedia":[{"embeddable":true,"href":"https:\/\/tkd.ee\/itf\/wp-json\/wp\/v2\/media\/3915"}],"wp:attachment":[{"href":"https:\/\/tkd.ee\/itf\/wp-json\/wp\/v2\/media?parent=3914"}],"wp:term":[{"taxonomy":"category","embeddable":true,"href":"https:\/\/tkd.ee\/itf\/wp-json\/wp\/v2\/categories?post=3914"},{"taxonomy":"post_tag","embeddable":true,"href":"https:\/\/tkd.ee\/itf\/wp-json\/wp\/v2\/tags?post=3914"}],"curies":[{"name":"wp","href":"https:\/\/api.w.org\/{rel}","templated":true}]}}