{"id":4230,"date":"2020-08-01T17:06:09","date_gmt":"2020-08-01T14:06:09","guid":{"rendered":"http:\/\/tkd.ee\/itf\/?p=4230"},"modified":"2020-08-30T17:20:45","modified_gmt":"2020-08-30T14:20:45","slug":"veel-uks-liidu-treener-labis-astase-spetsiaalse-pedagoogika-kursus","status":"publish","type":"post","link":"https:\/\/tkd.ee\/itf\/et\/2020\/08\/01\/veel-uks-liidu-treener-labis-astase-spetsiaalse-pedagoogika-kursus\/","title":{"rendered":"Veel \u00fcks Liidu treener l\u00e4bis astase \u201cspetsiaalse pedagoogika\u201d kursus"},"content":{"rendered":"\n<p>Meil on hea meel teatada, et veel \u00fcks Liidu treener l\u00e4bis aastase \u201c spetsiaalse pedagoogika\u201d kursuse riikliku eelarvega St.Peterburgi Pedagoogilises Akadeemias koost\u00f6\u00f6s Tallinna \u00f5ppen\u00f5ustamiskesakusega Milena Pogodajeva juhendamisel.T\u00e4name v\u00f5imaluse eest! Antud haridus v\u00f5imaldab meil suurendada tavar\u00fchmades tegelevate eriliste vajadustega laste ja t\u00e4iskasvanute arvu.<\/p>\n","protected":false},"excerpt":{"rendered":"<p>Meil on hea meel teatada, et veel \u00fcks Liidu treener l\u00e4bis aastase \u201c spetsiaalse pedagoogika\u201d kursuse riikliku eelarvega St.Peterburgi Pedagoogilises Akadeemias koost\u00f6\u00f6s Tallinna \u00f5ppen\u00f5ustamiskesakusega Milena Pogodajeva juhendamisel.T\u00e4name v\u00f5imaluse eest! Antud haridus v\u00f5imaldab meil suurendada tavar\u00fchmades tegelevate eriliste vajadustega laste ja<\/p>\n","protected":false},"author":1,"featured_media":4231,"comment_status":"closed","ping_status":"closed","sticky":false,"template":"","format":"standard","meta":{"footnotes":""},"categories":[39],"tags":[],"class_list":["post-4230","post","type-post","status-publish","format-standard","has-post-thumbnail","hentry","category-uudised"],"yoast_head":"<!-- This site is optimized with the Yoast SEO plugin v24.1 - https:\/\/yoast.com\/wordpress\/plugins\/seo\/ -->\n<title>Veel \u00fcks Liidu treener l\u00e4bis astase \u201cspetsiaalse pedagoogika\u201d kursus - EESTI TAEKWONDO LIIT<\/title>\n<meta name=\"robots\" content=\"index, follow, max-snippet:-1, max-image-preview:large, max-video-preview:-1\" \/>\n<link rel=\"canonical\" href=\"https:\/\/tkd.ee\/itf\/et\/2020\/08\/01\/veel-uks-liidu-treener-labis-astase-spetsiaalse-pedagoogika-kursus\/\" \/>\n<meta property=\"og:locale\" content=\"et_EE\" \/>\n<meta property=\"og:type\" content=\"article\" \/>\n<meta property=\"og:title\" content=\"Veel \u00fcks Liidu treener l\u00e4bis astase \u201cspetsiaalse pedagoogika\u201d kursus - EESTI TAEKWONDO LIIT\" \/>\n<meta property=\"og:description\" content=\"Meil on hea meel teatada, et veel \u00fcks Liidu treener l\u00e4bis aastase \u201c spetsiaalse pedagoogika\u201d kursuse riikliku eelarvega St.Peterburgi Pedagoogilises Akadeemias koost\u00f6\u00f6s Tallinna \u00f5ppen\u00f5ustamiskesakusega Milena Pogodajeva juhendamisel.T\u00e4name v\u00f5imaluse eest! Antud haridus v\u00f5imaldab meil suurendada tavar\u00fchmades tegelevate eriliste vajadustega laste ja\" \/>\n<meta property=\"og:url\" content=\"https:\/\/tkd.ee\/itf\/et\/2020\/08\/01\/veel-uks-liidu-treener-labis-astase-spetsiaalse-pedagoogika-kursus\/\" \/>\n<meta property=\"og:site_name\" content=\"EESTI TAEKWONDO LIIT\" \/>\n<meta property=\"article:published_time\" content=\"2020-08-01T14:06:09+00:00\" \/>\n<meta property=\"article:modified_time\" content=\"2020-08-30T14:20:45+00:00\" \/>\n<meta property=\"og:image\" content=\"https:\/\/tkd.ee\/itf\/wp-content\/uploads\/2020\/08\/4.jpg\" \/>\n\t<meta property=\"og:image:width\" content=\"640\" \/>\n\t<meta property=\"og:image:height\" content=\"640\" \/>\n\t<meta property=\"og:image:type\" content=\"image\/jpeg\" \/>\n<meta name=\"author\" content=\"skrasii\" \/>\n<meta name=\"twitter:card\" content=\"summary_large_image\" \/>\n<meta name=\"twitter:label1\" content=\"Written by\" \/>\n\t<meta name=\"twitter:data1\" content=\"skrasii\" \/>\n<script type=\"application\/ld+json\" class=\"yoast-schema-graph\">{\"@context\":\"https:\/\/schema.org\",\"@graph\":[{\"@type\":\"Article\",\"@id\":\"https:\/\/tkd.ee\/itf\/et\/2020\/08\/01\/veel-uks-liidu-treener-labis-astase-spetsiaalse-pedagoogika-kursus\/#article\",\"isPartOf\":{\"@id\":\"https:\/\/tkd.ee\/itf\/et\/2020\/08\/01\/veel-uks-liidu-treener-labis-astase-spetsiaalse-pedagoogika-kursus\/\"},\"author\":{\"name\":\"skrasii\",\"@id\":\"https:\/\/tkd.ee\/itf\/#\/schema\/person\/6d215b835c47de4d30c72da9649f398b\"},\"headline\":\"Veel \u00fcks Liidu treener l\u00e4bis astase \u201cspetsiaalse pedagoogika\u201d kursus\",\"datePublished\":\"2020-08-01T14:06:09+00:00\",\"dateModified\":\"2020-08-30T14:20:45+00:00\",\"mainEntityOfPage\":{\"@id\":\"https:\/\/tkd.ee\/itf\/et\/2020\/08\/01\/veel-uks-liidu-treener-labis-astase-spetsiaalse-pedagoogika-kursus\/\"},\"wordCount\":61,\"publisher\":{\"@id\":\"https:\/\/tkd.ee\/itf\/#organization\"},\"image\":{\"@id\":\"https:\/\/tkd.ee\/itf\/et\/2020\/08\/01\/veel-uks-liidu-treener-labis-astase-spetsiaalse-pedagoogika-kursus\/#primaryimage\"},\"thumbnailUrl\":\"https:\/\/tkd.ee\/itf\/wp-content\/uploads\/2020\/08\/4.jpg\",\"articleSection\":[\"Uudised\"],\"inLanguage\":\"et\"},{\"@type\":\"WebPage\",\"@id\":\"https:\/\/tkd.ee\/itf\/et\/2020\/08\/01\/veel-uks-liidu-treener-labis-astase-spetsiaalse-pedagoogika-kursus\/\",\"url\":\"https:\/\/tkd.ee\/itf\/et\/2020\/08\/01\/veel-uks-liidu-treener-labis-astase-spetsiaalse-pedagoogika-kursus\/\",\"name\":\"Veel \u00fcks Liidu treener l\u00e4bis astase \u201cspetsiaalse pedagoogika\u201d kursus - EESTI TAEKWONDO LIIT\",\"isPartOf\":{\"@id\":\"https:\/\/tkd.ee\/itf\/#website\"},\"primaryImageOfPage\":{\"@id\":\"https:\/\/tkd.ee\/itf\/et\/2020\/08\/01\/veel-uks-liidu-treener-labis-astase-spetsiaalse-pedagoogika-kursus\/#primaryimage\"},\"image\":{\"@id\":\"https:\/\/tkd.ee\/itf\/et\/2020\/08\/01\/veel-uks-liidu-treener-labis-astase-spetsiaalse-pedagoogika-kursus\/#primaryimage\"},\"thumbnailUrl\":\"https:\/\/tkd.ee\/itf\/wp-content\/uploads\/2020\/08\/4.jpg\",\"datePublished\":\"2020-08-01T14:06:09+00:00\",\"dateModified\":\"2020-08-30T14:20:45+00:00\",\"breadcrumb\":{\"@id\":\"https:\/\/tkd.ee\/itf\/et\/2020\/08\/01\/veel-uks-liidu-treener-labis-astase-spetsiaalse-pedagoogika-kursus\/#breadcrumb\"},\"inLanguage\":\"et\",\"potentialAction\":[{\"@type\":\"ReadAction\",\"target\":[\"https:\/\/tkd.ee\/itf\/et\/2020\/08\/01\/veel-uks-liidu-treener-labis-astase-spetsiaalse-pedagoogika-kursus\/\"]}]},{\"@type\":\"ImageObject\",\"inLanguage\":\"et\",\"@id\":\"https:\/\/tkd.ee\/itf\/et\/2020\/08\/01\/veel-uks-liidu-treener-labis-astase-spetsiaalse-pedagoogika-kursus\/#primaryimage\",\"url\":\"https:\/\/tkd.ee\/itf\/wp-content\/uploads\/2020\/08\/4.jpg\",\"contentUrl\":\"https:\/\/tkd.ee\/itf\/wp-content\/uploads\/2020\/08\/4.jpg\",\"width\":640,\"height\":640},{\"@type\":\"BreadcrumbList\",\"@id\":\"https:\/\/tkd.ee\/itf\/et\/2020\/08\/01\/veel-uks-liidu-treener-labis-astase-spetsiaalse-pedagoogika-kursus\/#breadcrumb\",\"itemListElement\":[{\"@type\":\"ListItem\",\"position\":1,\"name\":\"Home\",\"item\":\"https:\/\/tkd.ee\/itf\/et\/\"},{\"@type\":\"ListItem\",\"position\":2,\"name\":\"Veel \u00fcks Liidu treener l\u00e4bis astase \u201cspetsiaalse pedagoogika\u201d kursus\"}]},{\"@type\":\"WebSite\",\"@id\":\"https:\/\/tkd.ee\/itf\/#website\",\"url\":\"https:\/\/tkd.ee\/itf\/\",\"name\":\"EESTI TAEKWONDO LIIT\",\"description\":\"Balanced development and fair play\",\"publisher\":{\"@id\":\"https:\/\/tkd.ee\/itf\/#organization\"},\"potentialAction\":[{\"@type\":\"SearchAction\",\"target\":{\"@type\":\"EntryPoint\",\"urlTemplate\":\"https:\/\/tkd.ee\/itf\/?s={search_term_string}\"},\"query-input\":{\"@type\":\"PropertyValueSpecification\",\"valueRequired\":true,\"valueName\":\"search_term_string\"}}],\"inLanguage\":\"et\"},{\"@type\":\"Organization\",\"@id\":\"https:\/\/tkd.ee\/itf\/#organization\",\"name\":\"Eesti Taekwondo Liit\",\"url\":\"https:\/\/tkd.ee\/itf\/\",\"logo\":{\"@type\":\"ImageObject\",\"inLanguage\":\"et\",\"@id\":\"https:\/\/tkd.ee\/itf\/#\/schema\/logo\/image\/\",\"url\":\"https:\/\/tkd.ee\/itf\/wp-content\/uploads\/2020\/11\/itf-logo-1.png\",\"contentUrl\":\"https:\/\/tkd.ee\/itf\/wp-content\/uploads\/2020\/11\/itf-logo-1.png\",\"width\":540,\"height\":540,\"caption\":\"Eesti Taekwondo Liit\"},\"image\":{\"@id\":\"https:\/\/tkd.ee\/itf\/#\/schema\/logo\/image\/\"}},{\"@type\":\"Person\",\"@id\":\"https:\/\/tkd.ee\/itf\/#\/schema\/person\/6d215b835c47de4d30c72da9649f398b\",\"name\":\"skrasii\",\"image\":{\"@type\":\"ImageObject\",\"inLanguage\":\"et\",\"@id\":\"https:\/\/tkd.ee\/itf\/#\/schema\/person\/image\/\",\"url\":\"https:\/\/secure.gravatar.com\/avatar\/b9ff787bf8eda8c46b4cdab13cbcb356?s=96&d=mm&r=g\",\"contentUrl\":\"https:\/\/secure.gravatar.com\/avatar\/b9ff787bf8eda8c46b4cdab13cbcb356?s=96&d=mm&r=g\",\"caption\":\"skrasii\"},\"url\":\"https:\/\/tkd.ee\/itf\/author\/skrasii\/\"}]}<\/script>\n<!-- \/ Yoast SEO plugin. -->","yoast_head_json":{"title":"Veel \u00fcks Liidu treener l\u00e4bis astase \u201cspetsiaalse pedagoogika\u201d kursus - EESTI TAEKWONDO LIIT","robots":{"index":"index","follow":"follow","max-snippet":"max-snippet:-1","max-image-preview":"max-image-preview:large","max-video-preview":"max-video-preview:-1"},"canonical":"https:\/\/tkd.ee\/itf\/et\/2020\/08\/01\/veel-uks-liidu-treener-labis-astase-spetsiaalse-pedagoogika-kursus\/","og_locale":"et_EE","og_type":"article","og_title":"Veel \u00fcks Liidu treener l\u00e4bis astase \u201cspetsiaalse pedagoogika\u201d kursus - EESTI TAEKWONDO LIIT","og_description":"Meil on hea meel teatada, et veel \u00fcks Liidu treener l\u00e4bis aastase \u201c spetsiaalse pedagoogika\u201d kursuse riikliku eelarvega St.Peterburgi Pedagoogilises Akadeemias koost\u00f6\u00f6s Tallinna \u00f5ppen\u00f5ustamiskesakusega Milena Pogodajeva juhendamisel.T\u00e4name v\u00f5imaluse eest! Antud haridus v\u00f5imaldab meil suurendada tavar\u00fchmades tegelevate eriliste vajadustega laste ja","og_url":"https:\/\/tkd.ee\/itf\/et\/2020\/08\/01\/veel-uks-liidu-treener-labis-astase-spetsiaalse-pedagoogika-kursus\/","og_site_name":"EESTI TAEKWONDO LIIT","article_published_time":"2020-08-01T14:06:09+00:00","article_modified_time":"2020-08-30T14:20:45+00:00","og_image":[{"width":640,"height":640,"url":"https:\/\/tkd.ee\/itf\/wp-content\/uploads\/2020\/08\/4.jpg","type":"image\/jpeg"}],"author":"skrasii","twitter_card":"summary_large_image","twitter_misc":{"Written by":"skrasii"},"schema":{"@context":"https:\/\/schema.org","@graph":[{"@type":"Article","@id":"https:\/\/tkd.ee\/itf\/et\/2020\/08\/01\/veel-uks-liidu-treener-labis-astase-spetsiaalse-pedagoogika-kursus\/#article","isPartOf":{"@id":"https:\/\/tkd.ee\/itf\/et\/2020\/08\/01\/veel-uks-liidu-treener-labis-astase-spetsiaalse-pedagoogika-kursus\/"},"author":{"name":"skrasii","@id":"https:\/\/tkd.ee\/itf\/#\/schema\/person\/6d215b835c47de4d30c72da9649f398b"},"headline":"Veel \u00fcks Liidu treener l\u00e4bis astase \u201cspetsiaalse pedagoogika\u201d kursus","datePublished":"2020-08-01T14:06:09+00:00","dateModified":"2020-08-30T14:20:45+00:00","mainEntityOfPage":{"@id":"https:\/\/tkd.ee\/itf\/et\/2020\/08\/01\/veel-uks-liidu-treener-labis-astase-spetsiaalse-pedagoogika-kursus\/"},"wordCount":61,"publisher":{"@id":"https:\/\/tkd.ee\/itf\/#organization"},"image":{"@id":"https:\/\/tkd.ee\/itf\/et\/2020\/08\/01\/veel-uks-liidu-treener-labis-astase-spetsiaalse-pedagoogika-kursus\/#primaryimage"},"thumbnailUrl":"https:\/\/tkd.ee\/itf\/wp-content\/uploads\/2020\/08\/4.jpg","articleSection":["Uudised"],"inLanguage":"et"},{"@type":"WebPage","@id":"https:\/\/tkd.ee\/itf\/et\/2020\/08\/01\/veel-uks-liidu-treener-labis-astase-spetsiaalse-pedagoogika-kursus\/","url":"https:\/\/tkd.ee\/itf\/et\/2020\/08\/01\/veel-uks-liidu-treener-labis-astase-spetsiaalse-pedagoogika-kursus\/","name":"Veel \u00fcks Liidu treener l\u00e4bis astase \u201cspetsiaalse pedagoogika\u201d kursus - EESTI TAEKWONDO LIIT","isPartOf":{"@id":"https:\/\/tkd.ee\/itf\/#website"},"primaryImageOfPage":{"@id":"https:\/\/tkd.ee\/itf\/et\/2020\/08\/01\/veel-uks-liidu-treener-labis-astase-spetsiaalse-pedagoogika-kursus\/#primaryimage"},"image":{"@id":"https:\/\/tkd.ee\/itf\/et\/2020\/08\/01\/veel-uks-liidu-treener-labis-astase-spetsiaalse-pedagoogika-kursus\/#primaryimage"},"thumbnailUrl":"https:\/\/tkd.ee\/itf\/wp-content\/uploads\/2020\/08\/4.jpg","datePublished":"2020-08-01T14:06:09+00:00","dateModified":"2020-08-30T14:20:45+00:00","breadcrumb":{"@id":"https:\/\/tkd.ee\/itf\/et\/2020\/08\/01\/veel-uks-liidu-treener-labis-astase-spetsiaalse-pedagoogika-kursus\/#breadcrumb"},"inLanguage":"et","potentialAction":[{"@type":"ReadAction","target":["https:\/\/tkd.ee\/itf\/et\/2020\/08\/01\/veel-uks-liidu-treener-labis-astase-spetsiaalse-pedagoogika-kursus\/"]}]},{"@type":"ImageObject","inLanguage":"et","@id":"https:\/\/tkd.ee\/itf\/et\/2020\/08\/01\/veel-uks-liidu-treener-labis-astase-spetsiaalse-pedagoogika-kursus\/#primaryimage","url":"https:\/\/tkd.ee\/itf\/wp-content\/uploads\/2020\/08\/4.jpg","contentUrl":"https:\/\/tkd.ee\/itf\/wp-content\/uploads\/2020\/08\/4.jpg","width":640,"height":640},{"@type":"BreadcrumbList","@id":"https:\/\/tkd.ee\/itf\/et\/2020\/08\/01\/veel-uks-liidu-treener-labis-astase-spetsiaalse-pedagoogika-kursus\/#breadcrumb","itemListElement":[{"@type":"ListItem","position":1,"name":"Home","item":"https:\/\/tkd.ee\/itf\/et\/"},{"@type":"ListItem","position":2,"name":"Veel \u00fcks Liidu treener l\u00e4bis astase \u201cspetsiaalse pedagoogika\u201d kursus"}]},{"@type":"WebSite","@id":"https:\/\/tkd.ee\/itf\/#website","url":"https:\/\/tkd.ee\/itf\/","name":"EESTI TAEKWONDO LIIT","description":"Balanced development and fair play","publisher":{"@id":"https:\/\/tkd.ee\/itf\/#organization"},"potentialAction":[{"@type":"SearchAction","target":{"@type":"EntryPoint","urlTemplate":"https:\/\/tkd.ee\/itf\/?s={search_term_string}"},"query-input":{"@type":"PropertyValueSpecification","valueRequired":true,"valueName":"search_term_string"}}],"inLanguage":"et"},{"@type":"Organization","@id":"https:\/\/tkd.ee\/itf\/#organization","name":"Eesti Taekwondo Liit","url":"https:\/\/tkd.ee\/itf\/","logo":{"@type":"ImageObject","inLanguage":"et","@id":"https:\/\/tkd.ee\/itf\/#\/schema\/logo\/image\/","url":"https:\/\/tkd.ee\/itf\/wp-content\/uploads\/2020\/11\/itf-logo-1.png","contentUrl":"https:\/\/tkd.ee\/itf\/wp-content\/uploads\/2020\/11\/itf-logo-1.png","width":540,"height":540,"caption":"Eesti Taekwondo Liit"},"image":{"@id":"https:\/\/tkd.ee\/itf\/#\/schema\/logo\/image\/"}},{"@type":"Person","@id":"https:\/\/tkd.ee\/itf\/#\/schema\/person\/6d215b835c47de4d30c72da9649f398b","name":"skrasii","image":{"@type":"ImageObject","inLanguage":"et","@id":"https:\/\/tkd.ee\/itf\/#\/schema\/person\/image\/","url":"https:\/\/secure.gravatar.com\/avatar\/b9ff787bf8eda8c46b4cdab13cbcb356?s=96&d=mm&r=g","contentUrl":"https:\/\/secure.gravatar.com\/avatar\/b9ff787bf8eda8c46b4cdab13cbcb356?s=96&d=mm&r=g","caption":"skrasii"},"url":"https:\/\/tkd.ee\/itf\/author\/skrasii\/"}]}},"builder_content":"","_links":{"self":[{"href":"https:\/\/tkd.ee\/itf\/wp-json\/wp\/v2\/posts\/4230"}],"collection":[{"href":"https:\/\/tkd.ee\/itf\/wp-json\/wp\/v2\/posts"}],"about":[{"href":"https:\/\/tkd.ee\/itf\/wp-json\/wp\/v2\/types\/post"}],"author":[{"embeddable":true,"href":"https:\/\/tkd.ee\/itf\/wp-json\/wp\/v2\/users\/1"}],"replies":[{"embeddable":true,"href":"https:\/\/tkd.ee\/itf\/wp-json\/wp\/v2\/comments?post=4230"}],"version-history":[{"count":6,"href":"https:\/\/tkd.ee\/itf\/wp-json\/wp\/v2\/posts\/4230\/revisions"}],"predecessor-version":[{"id":4273,"href":"https:\/\/tkd.ee\/itf\/wp-json\/wp\/v2\/posts\/4230\/revisions\/4273"}],"wp:featuredmedia":[{"embeddable":true,"href":"https:\/\/tkd.ee\/itf\/wp-json\/wp\/v2\/media\/4231"}],"wp:attachment":[{"href":"https:\/\/tkd.ee\/itf\/wp-json\/wp\/v2\/media?parent=4230"}],"wp:term":[{"taxonomy":"category","embeddable":true,"href":"https:\/\/tkd.ee\/itf\/wp-json\/wp\/v2\/categories?post=4230"},{"taxonomy":"post_tag","embeddable":true,"href":"https:\/\/tkd.ee\/itf\/wp-json\/wp\/v2\/tags?post=4230"}],"curies":[{"name":"wp","href":"https:\/\/api.w.org\/{rel}","templated":true}]}}