{"id":5752,"date":"2024-12-23T16:40:09","date_gmt":"2024-12-23T13:40:09","guid":{"rendered":"https:\/\/tkd.ee\/itf\/?p=5752"},"modified":"2024-12-26T16:40:42","modified_gmt":"2024-12-26T13:40:42","slug":"haid-joule-ja-head-uut-aastat","status":"publish","type":"post","link":"https:\/\/tkd.ee\/itf\/et\/2024\/12\/23\/haid-joule-ja-head-uut-aastat\/","title":{"rendered":"H\u00e4id j\u00f5ule ja head uut aastat!"},"content":{"rendered":"<!-- wp:themify-builder\/canvas \/-->\n\n\n<p><em>Kallid s\u00f5brad, s\u00fcdamlikud \u00f5nnesoovid teile maagiliste talvep\u00fchade puhul! Olgu uus aasta t\u00e4is soojust, r\u00f5\u00f5mu ja palju helgeid hetki. Soovime teile tugevat tervist, kustumatut energiat ja usku oma v\u00f5imetesse.<\/em><\/p>\n\n\n\n<p><em>Las teie kodus valitsevad alati hubasus, naer ja armastus, ja s\u00fcdames \u2013 inspiratsioon ja t\u00e4nulikkus iga elatud p\u00e4eva eest. Loodame, et uued algused toovad edu, eesm\u00e4rgid&nbsp; saavutatavad &nbsp;ja unistused t\u00e4ituvad kiiresti!<\/em><\/p>\n\n\n\n<p><em>T\u00e4name teid, et olete meiega. Oleme uhked oma \u00fchtse m\u00f5ttekaaslaste pere \u00fcle ja usume, et koos ootavad meid ees ainult s\u00e4ravad v\u00f5idud ja \u00f5nne igas p\u00e4evas.<\/em><\/p>\n\n\n\n<p><em>Armastuse ja soojusega,<br><strong>Eesti Taekwondo Liit<\/strong><\/em><\/p>\n","protected":false},"excerpt":{"rendered":"<p>Kallid s\u00f5brad, s\u00fcdamlikud \u00f5nnesoovid teile maagiliste talvep\u00fchade puhul! Olgu uus aasta t\u00e4is soojust, r\u00f5\u00f5mu ja palju helgeid hetki. Soovime teile tugevat tervist, kustumatut energiat ja usku oma v\u00f5imetesse. Las teie kodus valitsevad alati hubasus, naer ja armastus, ja s\u00fcdames \u2013<\/p>\n","protected":false},"author":1,"featured_media":5710,"comment_status":"closed","ping_status":"closed","sticky":false,"template":"","format":"standard","meta":{"footnotes":""},"categories":[39],"tags":[],"class_list":["post-5752","post","type-post","status-publish","format-standard","has-post-thumbnail","hentry","category-uudised"],"yoast_head":"<!-- This site is optimized with the Yoast SEO plugin v24.1 - https:\/\/yoast.com\/wordpress\/plugins\/seo\/ -->\n<title>H\u00e4id j\u00f5ule ja head uut aastat! - EESTI TAEKWONDO LIIT<\/title>\n<meta name=\"robots\" content=\"index, follow, max-snippet:-1, max-image-preview:large, max-video-preview:-1\" \/>\n<link rel=\"canonical\" href=\"https:\/\/tkd.ee\/itf\/et\/2024\/12\/23\/haid-joule-ja-head-uut-aastat\/\" \/>\n<meta property=\"og:locale\" content=\"et_EE\" \/>\n<meta property=\"og:type\" content=\"article\" \/>\n<meta property=\"og:title\" content=\"H\u00e4id j\u00f5ule ja head uut aastat! - EESTI TAEKWONDO LIIT\" \/>\n<meta property=\"og:description\" content=\"Kallid s\u00f5brad, s\u00fcdamlikud \u00f5nnesoovid teile maagiliste talvep\u00fchade puhul! Olgu uus aasta t\u00e4is soojust, r\u00f5\u00f5mu ja palju helgeid hetki. Soovime teile tugevat tervist, kustumatut energiat ja usku oma v\u00f5imetesse. Las teie kodus valitsevad alati hubasus, naer ja armastus, ja s\u00fcdames \u2013\" \/>\n<meta property=\"og:url\" content=\"https:\/\/tkd.ee\/itf\/et\/2024\/12\/23\/haid-joule-ja-head-uut-aastat\/\" \/>\n<meta property=\"og:site_name\" content=\"EESTI TAEKWONDO LIIT\" \/>\n<meta property=\"article:published_time\" content=\"2024-12-23T13:40:09+00:00\" \/>\n<meta property=\"article:modified_time\" content=\"2024-12-26T13:40:42+00:00\" \/>\n<meta property=\"og:image\" content=\"https:\/\/tkd.ee\/itf\/wp-content\/uploads\/2024\/12\/TAEKW-2025-3.jpg\" \/>\n\t<meta property=\"og:image:width\" content=\"1701\" \/>\n\t<meta property=\"og:image:height\" content=\"968\" \/>\n\t<meta property=\"og:image:type\" content=\"image\/jpeg\" \/>\n<meta name=\"author\" content=\"skrasii\" \/>\n<meta name=\"twitter:card\" content=\"summary_large_image\" \/>\n<meta name=\"twitter:label1\" content=\"Written by\" \/>\n\t<meta name=\"twitter:data1\" content=\"skrasii\" \/>\n\t<meta name=\"twitter:label2\" content=\"Est. reading time\" \/>\n\t<meta name=\"twitter:data2\" content=\"1 minut\" \/>\n<script type=\"application\/ld+json\" class=\"yoast-schema-graph\">{\"@context\":\"https:\/\/schema.org\",\"@graph\":[{\"@type\":\"Article\",\"@id\":\"https:\/\/tkd.ee\/itf\/et\/2024\/12\/23\/haid-joule-ja-head-uut-aastat\/#article\",\"isPartOf\":{\"@id\":\"https:\/\/tkd.ee\/itf\/et\/2024\/12\/23\/haid-joule-ja-head-uut-aastat\/\"},\"author\":{\"name\":\"skrasii\",\"@id\":\"https:\/\/tkd.ee\/itf\/#\/schema\/person\/6d215b835c47de4d30c72da9649f398b\"},\"headline\":\"H\u00e4id j\u00f5ule ja head uut aastat!\",\"datePublished\":\"2024-12-23T13:40:09+00:00\",\"dateModified\":\"2024-12-26T13:40:42+00:00\",\"mainEntityOfPage\":{\"@id\":\"https:\/\/tkd.ee\/itf\/et\/2024\/12\/23\/haid-joule-ja-head-uut-aastat\/\"},\"wordCount\":116,\"publisher\":{\"@id\":\"https:\/\/tkd.ee\/itf\/#organization\"},\"image\":{\"@id\":\"https:\/\/tkd.ee\/itf\/et\/2024\/12\/23\/haid-joule-ja-head-uut-aastat\/#primaryimage\"},\"thumbnailUrl\":\"https:\/\/tkd.ee\/itf\/wp-content\/uploads\/2024\/12\/TAEKW-2025-3.jpg\",\"articleSection\":[\"Uudised\"],\"inLanguage\":\"et\"},{\"@type\":\"WebPage\",\"@id\":\"https:\/\/tkd.ee\/itf\/et\/2024\/12\/23\/haid-joule-ja-head-uut-aastat\/\",\"url\":\"https:\/\/tkd.ee\/itf\/et\/2024\/12\/23\/haid-joule-ja-head-uut-aastat\/\",\"name\":\"H\u00e4id j\u00f5ule ja head uut aastat! - EESTI TAEKWONDO LIIT\",\"isPartOf\":{\"@id\":\"https:\/\/tkd.ee\/itf\/#website\"},\"primaryImageOfPage\":{\"@id\":\"https:\/\/tkd.ee\/itf\/et\/2024\/12\/23\/haid-joule-ja-head-uut-aastat\/#primaryimage\"},\"image\":{\"@id\":\"https:\/\/tkd.ee\/itf\/et\/2024\/12\/23\/haid-joule-ja-head-uut-aastat\/#primaryimage\"},\"thumbnailUrl\":\"https:\/\/tkd.ee\/itf\/wp-content\/uploads\/2024\/12\/TAEKW-2025-3.jpg\",\"datePublished\":\"2024-12-23T13:40:09+00:00\",\"dateModified\":\"2024-12-26T13:40:42+00:00\",\"breadcrumb\":{\"@id\":\"https:\/\/tkd.ee\/itf\/et\/2024\/12\/23\/haid-joule-ja-head-uut-aastat\/#breadcrumb\"},\"inLanguage\":\"et\",\"potentialAction\":[{\"@type\":\"ReadAction\",\"target\":[\"https:\/\/tkd.ee\/itf\/et\/2024\/12\/23\/haid-joule-ja-head-uut-aastat\/\"]}]},{\"@type\":\"ImageObject\",\"inLanguage\":\"et\",\"@id\":\"https:\/\/tkd.ee\/itf\/et\/2024\/12\/23\/haid-joule-ja-head-uut-aastat\/#primaryimage\",\"url\":\"https:\/\/tkd.ee\/itf\/wp-content\/uploads\/2024\/12\/TAEKW-2025-3.jpg\",\"contentUrl\":\"https:\/\/tkd.ee\/itf\/wp-content\/uploads\/2024\/12\/TAEKW-2025-3.jpg\",\"width\":1701,\"height\":968},{\"@type\":\"BreadcrumbList\",\"@id\":\"https:\/\/tkd.ee\/itf\/et\/2024\/12\/23\/haid-joule-ja-head-uut-aastat\/#breadcrumb\",\"itemListElement\":[{\"@type\":\"ListItem\",\"position\":1,\"name\":\"Home\",\"item\":\"https:\/\/tkd.ee\/itf\/et\/\"},{\"@type\":\"ListItem\",\"position\":2,\"name\":\"H\u00e4id j\u00f5ule ja head uut aastat!\"}]},{\"@type\":\"WebSite\",\"@id\":\"https:\/\/tkd.ee\/itf\/#website\",\"url\":\"https:\/\/tkd.ee\/itf\/\",\"name\":\"EESTI TAEKWONDO LIIT\",\"description\":\"Balanced development and fair play\",\"publisher\":{\"@id\":\"https:\/\/tkd.ee\/itf\/#organization\"},\"potentialAction\":[{\"@type\":\"SearchAction\",\"target\":{\"@type\":\"EntryPoint\",\"urlTemplate\":\"https:\/\/tkd.ee\/itf\/?s={search_term_string}\"},\"query-input\":{\"@type\":\"PropertyValueSpecification\",\"valueRequired\":true,\"valueName\":\"search_term_string\"}}],\"inLanguage\":\"et\"},{\"@type\":\"Organization\",\"@id\":\"https:\/\/tkd.ee\/itf\/#organization\",\"name\":\"Eesti Taekwondo Liit\",\"url\":\"https:\/\/tkd.ee\/itf\/\",\"logo\":{\"@type\":\"ImageObject\",\"inLanguage\":\"et\",\"@id\":\"https:\/\/tkd.ee\/itf\/#\/schema\/logo\/image\/\",\"url\":\"https:\/\/tkd.ee\/itf\/wp-content\/uploads\/2020\/11\/itf-logo-1.png\",\"contentUrl\":\"https:\/\/tkd.ee\/itf\/wp-content\/uploads\/2020\/11\/itf-logo-1.png\",\"width\":540,\"height\":540,\"caption\":\"Eesti Taekwondo Liit\"},\"image\":{\"@id\":\"https:\/\/tkd.ee\/itf\/#\/schema\/logo\/image\/\"}},{\"@type\":\"Person\",\"@id\":\"https:\/\/tkd.ee\/itf\/#\/schema\/person\/6d215b835c47de4d30c72da9649f398b\",\"name\":\"skrasii\",\"image\":{\"@type\":\"ImageObject\",\"inLanguage\":\"et\",\"@id\":\"https:\/\/tkd.ee\/itf\/#\/schema\/person\/image\/\",\"url\":\"https:\/\/secure.gravatar.com\/avatar\/b9ff787bf8eda8c46b4cdab13cbcb356?s=96&d=mm&r=g\",\"contentUrl\":\"https:\/\/secure.gravatar.com\/avatar\/b9ff787bf8eda8c46b4cdab13cbcb356?s=96&d=mm&r=g\",\"caption\":\"skrasii\"},\"url\":\"https:\/\/tkd.ee\/itf\/author\/skrasii\/\"}]}<\/script>\n<!-- \/ Yoast SEO plugin. -->","yoast_head_json":{"title":"H\u00e4id j\u00f5ule ja head uut aastat! - EESTI TAEKWONDO LIIT","robots":{"index":"index","follow":"follow","max-snippet":"max-snippet:-1","max-image-preview":"max-image-preview:large","max-video-preview":"max-video-preview:-1"},"canonical":"https:\/\/tkd.ee\/itf\/et\/2024\/12\/23\/haid-joule-ja-head-uut-aastat\/","og_locale":"et_EE","og_type":"article","og_title":"H\u00e4id j\u00f5ule ja head uut aastat! - EESTI TAEKWONDO LIIT","og_description":"Kallid s\u00f5brad, s\u00fcdamlikud \u00f5nnesoovid teile maagiliste talvep\u00fchade puhul! Olgu uus aasta t\u00e4is soojust, r\u00f5\u00f5mu ja palju helgeid hetki. Soovime teile tugevat tervist, kustumatut energiat ja usku oma v\u00f5imetesse. Las teie kodus valitsevad alati hubasus, naer ja armastus, ja s\u00fcdames \u2013","og_url":"https:\/\/tkd.ee\/itf\/et\/2024\/12\/23\/haid-joule-ja-head-uut-aastat\/","og_site_name":"EESTI TAEKWONDO LIIT","article_published_time":"2024-12-23T13:40:09+00:00","article_modified_time":"2024-12-26T13:40:42+00:00","og_image":[{"width":1701,"height":968,"url":"https:\/\/tkd.ee\/itf\/wp-content\/uploads\/2024\/12\/TAEKW-2025-3.jpg","type":"image\/jpeg"}],"author":"skrasii","twitter_card":"summary_large_image","twitter_misc":{"Written by":"skrasii","Est. reading time":"1 minut"},"schema":{"@context":"https:\/\/schema.org","@graph":[{"@type":"Article","@id":"https:\/\/tkd.ee\/itf\/et\/2024\/12\/23\/haid-joule-ja-head-uut-aastat\/#article","isPartOf":{"@id":"https:\/\/tkd.ee\/itf\/et\/2024\/12\/23\/haid-joule-ja-head-uut-aastat\/"},"author":{"name":"skrasii","@id":"https:\/\/tkd.ee\/itf\/#\/schema\/person\/6d215b835c47de4d30c72da9649f398b"},"headline":"H\u00e4id j\u00f5ule ja head uut aastat!","datePublished":"2024-12-23T13:40:09+00:00","dateModified":"2024-12-26T13:40:42+00:00","mainEntityOfPage":{"@id":"https:\/\/tkd.ee\/itf\/et\/2024\/12\/23\/haid-joule-ja-head-uut-aastat\/"},"wordCount":116,"publisher":{"@id":"https:\/\/tkd.ee\/itf\/#organization"},"image":{"@id":"https:\/\/tkd.ee\/itf\/et\/2024\/12\/23\/haid-joule-ja-head-uut-aastat\/#primaryimage"},"thumbnailUrl":"https:\/\/tkd.ee\/itf\/wp-content\/uploads\/2024\/12\/TAEKW-2025-3.jpg","articleSection":["Uudised"],"inLanguage":"et"},{"@type":"WebPage","@id":"https:\/\/tkd.ee\/itf\/et\/2024\/12\/23\/haid-joule-ja-head-uut-aastat\/","url":"https:\/\/tkd.ee\/itf\/et\/2024\/12\/23\/haid-joule-ja-head-uut-aastat\/","name":"H\u00e4id j\u00f5ule ja head uut aastat! - EESTI TAEKWONDO LIIT","isPartOf":{"@id":"https:\/\/tkd.ee\/itf\/#website"},"primaryImageOfPage":{"@id":"https:\/\/tkd.ee\/itf\/et\/2024\/12\/23\/haid-joule-ja-head-uut-aastat\/#primaryimage"},"image":{"@id":"https:\/\/tkd.ee\/itf\/et\/2024\/12\/23\/haid-joule-ja-head-uut-aastat\/#primaryimage"},"thumbnailUrl":"https:\/\/tkd.ee\/itf\/wp-content\/uploads\/2024\/12\/TAEKW-2025-3.jpg","datePublished":"2024-12-23T13:40:09+00:00","dateModified":"2024-12-26T13:40:42+00:00","breadcrumb":{"@id":"https:\/\/tkd.ee\/itf\/et\/2024\/12\/23\/haid-joule-ja-head-uut-aastat\/#breadcrumb"},"inLanguage":"et","potentialAction":[{"@type":"ReadAction","target":["https:\/\/tkd.ee\/itf\/et\/2024\/12\/23\/haid-joule-ja-head-uut-aastat\/"]}]},{"@type":"ImageObject","inLanguage":"et","@id":"https:\/\/tkd.ee\/itf\/et\/2024\/12\/23\/haid-joule-ja-head-uut-aastat\/#primaryimage","url":"https:\/\/tkd.ee\/itf\/wp-content\/uploads\/2024\/12\/TAEKW-2025-3.jpg","contentUrl":"https:\/\/tkd.ee\/itf\/wp-content\/uploads\/2024\/12\/TAEKW-2025-3.jpg","width":1701,"height":968},{"@type":"BreadcrumbList","@id":"https:\/\/tkd.ee\/itf\/et\/2024\/12\/23\/haid-joule-ja-head-uut-aastat\/#breadcrumb","itemListElement":[{"@type":"ListItem","position":1,"name":"Home","item":"https:\/\/tkd.ee\/itf\/et\/"},{"@type":"ListItem","position":2,"name":"H\u00e4id j\u00f5ule ja head uut aastat!"}]},{"@type":"WebSite","@id":"https:\/\/tkd.ee\/itf\/#website","url":"https:\/\/tkd.ee\/itf\/","name":"EESTI TAEKWONDO LIIT","description":"Balanced development and fair play","publisher":{"@id":"https:\/\/tkd.ee\/itf\/#organization"},"potentialAction":[{"@type":"SearchAction","target":{"@type":"EntryPoint","urlTemplate":"https:\/\/tkd.ee\/itf\/?s={search_term_string}"},"query-input":{"@type":"PropertyValueSpecification","valueRequired":true,"valueName":"search_term_string"}}],"inLanguage":"et"},{"@type":"Organization","@id":"https:\/\/tkd.ee\/itf\/#organization","name":"Eesti Taekwondo Liit","url":"https:\/\/tkd.ee\/itf\/","logo":{"@type":"ImageObject","inLanguage":"et","@id":"https:\/\/tkd.ee\/itf\/#\/schema\/logo\/image\/","url":"https:\/\/tkd.ee\/itf\/wp-content\/uploads\/2020\/11\/itf-logo-1.png","contentUrl":"https:\/\/tkd.ee\/itf\/wp-content\/uploads\/2020\/11\/itf-logo-1.png","width":540,"height":540,"caption":"Eesti Taekwondo Liit"},"image":{"@id":"https:\/\/tkd.ee\/itf\/#\/schema\/logo\/image\/"}},{"@type":"Person","@id":"https:\/\/tkd.ee\/itf\/#\/schema\/person\/6d215b835c47de4d30c72da9649f398b","name":"skrasii","image":{"@type":"ImageObject","inLanguage":"et","@id":"https:\/\/tkd.ee\/itf\/#\/schema\/person\/image\/","url":"https:\/\/secure.gravatar.com\/avatar\/b9ff787bf8eda8c46b4cdab13cbcb356?s=96&d=mm&r=g","contentUrl":"https:\/\/secure.gravatar.com\/avatar\/b9ff787bf8eda8c46b4cdab13cbcb356?s=96&d=mm&r=g","caption":"skrasii"},"url":"https:\/\/tkd.ee\/itf\/author\/skrasii\/"}]}},"builder_content":"","_links":{"self":[{"href":"https:\/\/tkd.ee\/itf\/wp-json\/wp\/v2\/posts\/5752"}],"collection":[{"href":"https:\/\/tkd.ee\/itf\/wp-json\/wp\/v2\/posts"}],"about":[{"href":"https:\/\/tkd.ee\/itf\/wp-json\/wp\/v2\/types\/post"}],"author":[{"embeddable":true,"href":"https:\/\/tkd.ee\/itf\/wp-json\/wp\/v2\/users\/1"}],"replies":[{"embeddable":true,"href":"https:\/\/tkd.ee\/itf\/wp-json\/wp\/v2\/comments?post=5752"}],"version-history":[{"count":1,"href":"https:\/\/tkd.ee\/itf\/wp-json\/wp\/v2\/posts\/5752\/revisions"}],"predecessor-version":[{"id":5753,"href":"https:\/\/tkd.ee\/itf\/wp-json\/wp\/v2\/posts\/5752\/revisions\/5753"}],"wp:featuredmedia":[{"embeddable":true,"href":"https:\/\/tkd.ee\/itf\/wp-json\/wp\/v2\/media\/5710"}],"wp:attachment":[{"href":"https:\/\/tkd.ee\/itf\/wp-json\/wp\/v2\/media?parent=5752"}],"wp:term":[{"taxonomy":"category","embeddable":true,"href":"https:\/\/tkd.ee\/itf\/wp-json\/wp\/v2\/categories?post=5752"},{"taxonomy":"post_tag","embeddable":true,"href":"https:\/\/tkd.ee\/itf\/wp-json\/wp\/v2\/tags?post=5752"}],"curies":[{"name":"wp","href":"https:\/\/api.w.org\/{rel}","templated":true}]}}